{"id":8494,"date":"2016-10-06T12:23:45","date_gmt":"2016-10-06T10:23:45","guid":{"rendered":"http:\/\/www.sport-tiedje.de\/blog\/?p=8494"},"modified":"2016-10-06T14:59:38","modified_gmt":"2016-10-06T12:59:38","slug":"gesund-durch-die-erkaeltungszeit","status":"publish","type":"post","link":"https:\/\/www.fitshop.de\/blog\/2016\/10\/gesund-durch-die-erkaeltungszeit","title":{"rendered":"Gesund durch die Erk\u00e4ltungszeit"},"content":{"rendered":"<p>Herbstzeit ist Erk\u00e4ltungszeit. Mit den Ern\u00e4hrungstipps unseres Gastautors, Personal Trainer und Ern\u00e4hrungsberater Jan Schwarz, kommt Ihr gesund durch Herbst und Winter.<\/p>\n<p><!--more--><\/p>\n<h2>Gesund durch die Erkl\u00e4ltungszeit<\/h2>\n<p>Heute habe ich die letzte Paprika aus dem Garten geerntet. Mein Favorit ist die orange Paprika, diese wird auch von unseren Kindern sehr gerne gegessen. Egal ob roh oder im Essen als Gem\u00fcsebeilage, die Paprika ist f\u00fcr mich einfach nicht wegzudenken.<\/p>\n<p>Die Herbstzeit ist auch als Erk\u00e4ltungszeit bekannt. Zur Vorbeugung einer Erk\u00e4ltung ist das Vitamin C sehr hilfreich, da dadurch das Immunsystem gest\u00e4rkt wird. Paprikafr\u00fcchte enthalten sehr viel Vitamin C und andere wichtige N\u00e4hrstoffe wie Carotine, Kalium, Magnesium und Calcium.<\/p>\n<p>Die Farbe der Paprika spiegelt \u00fcbrigens ihren Reifegrad wieder: Die roten Paprika sind am reifsten und s\u00fc\u00dfesten im Geschmack. Auch wenn man die Frucht der Paprikapflanze meist als Schote bezeichnet, handelt es sich botanisch eigentlich um eine Beere.<\/p>\n<p><strong>Meine Empfehlung:<\/strong><br \/>\nPaprika schmeckt nicht nur gut, sondern auch durch die Inhaltstoffe ist diese \u201eBeere\u201c der ideale Begleiter durch die Erk\u00e4ltungszeit.<\/p>\n<h3>Vitamine der Paprika:<\/h3>\n<p>Vitamin C 127 mg<br \/>\nVitamin A 0,16 mg<br \/>\nVitamin E 1,58 mg<br \/>\nVitamin B1 0,05 mg<br \/>\nVitamin B2 0,08 mg<br \/>\nVitamin B6 0,29 mg<br \/>\nVitamin B12 0 mg<\/p>\n<h3>Weitere Vitamin C-Bomben neben der Paprika sind:<\/h3>\n<ul>\n<li>Spinat<\/li>\n<li>Brokkoli<\/li>\n<li>Rosenkohl<\/li>\n<li>Gr\u00fcnkohl<\/li>\n<li>Petersilie<\/li>\n<li>Schwarze Johannisbeere<\/li>\n<\/ul>\n<p><strong>Tipp: Eine Eisenaufnahme wird durch den Verzehr von Vitamin C gef\u00f6rdert.<\/strong><\/p>\n<p>Wir brauchen das Spurenelement Eisen vor allem f\u00fcr den lebensnotwendigen Sauerstofftransport im K\u00f6rper. Eisenmangel geht mit bestimmten Allgemeinsymptomen einher, beeintr\u00e4chtigt aber zum Beispiel auch Muskeln, Haut, Haare, N\u00e4gel und Schleimh\u00e4ute<\/p>\n<p>Ein Eisenmangel kann sich durch Bl\u00e4sse, M\u00fcdigkeit und Antriebsarmut, Haut- und Schleimhauterkrankungen, br\u00fcchige N\u00e4gel und St\u00f6rungen des Nagel- und Haarwachstums, bei Kindern auch durch Wachstumsst\u00f6rungen, zeigen und in der Schwangerschaft zu Komplikationen f\u00fchren.<\/p>\n<h3>Gesund durch die Erk\u00e4ltungszeit &#8211; das Fazit:<\/h3>\n<p><strong><img loading=\"lazy\" decoding=\"async\" class=\"alignright size-medium wp-image-8497\" src=\"https:\/\/www.fitshop.de\/blog\/wp-content\/uploads\/2016\/10\/MG_1526c-193x300.jpg\" alt=\"__mg_1526c\" width=\"193\" height=\"300\" srcset=\"https:\/\/www.fitshop.de\/blog\/wp-content\/uploads\/2016\/10\/MG_1526c-193x300.jpg 193w, https:\/\/www.fitshop.de\/blog\/wp-content\/uploads\/2016\/10\/MG_1526c-768x1196.jpg 768w, https:\/\/www.fitshop.de\/blog\/wp-content\/uploads\/2016\/10\/MG_1526c-657x1024.jpg 657w, https:\/\/www.fitshop.de\/blog\/wp-content\/uploads\/2016\/10\/MG_1526c-624x972.jpg 624w, https:\/\/www.fitshop.de\/blog\/wp-content\/uploads\/2016\/10\/MG_1526c.jpg 794w\" sizes=\"auto, (max-width: 193px) 100vw, 193px\" \/><\/strong>Vitamin C ist der ideale Begleiter, um gesund durch die Erk\u00e4ltungszeit zu kommen.<\/p>\n<p><strong>Zu meiner Person:<\/strong><br \/>\nMein Name ist Jan Schwarz, 39 Jahre alt und komme aus Stuttgart.<\/p>\n<p>Nach 20 j\u00e4hriger Bankt\u00e4tigkeit, davon 8 Jahre als F\u00fchrungskraft, habe ich mich daf\u00fcr entschieden mich als Personal Trainer selbstst\u00e4ndig zu machen.<\/p>\n<p>Ich habe eine Fitnesstrainer A Lizenz, eine medizinische Fitnesstrainer Lizenz, eine Personal Trainer Lizenz und eine Ern\u00e4hrungsberater Lizenz. Um meine F\u00e4higkeiten abzurunden, mache ich gerade eine psychologische Ausbildung.<\/p>\n<p>Neben meinem Personal-Training biete ich auch Ern\u00e4hrungsberatung an. Weitere Infos auf meiner Homepage: <a href=\"http:\/\/www.ptjan.de\" data-wpel-link=\"external\" target=\"_blank\" rel=\"external noopener noreferrer\">http:\/\/www.ptjan.de<\/a><\/p>\n","protected":false},"excerpt":{"rendered":"<p>Herbstzeit ist Erk\u00e4ltungszeit. Mit den Ern\u00e4hrungstipps unseres Gastautors, Personal Trainer und Ern\u00e4hrungsberater Jan Schwarz, kommt Ihr gesund durch Herbst und Winter.<\/p>\n","protected":false},"author":10,"featured_media":8498,"comment_status":"open","ping_status":"open","sticky":false,"template":"","format":"standard","meta":{"footnotes":""},"categories":[5],"tags":[820],"coauthors":[339],"class_list":["post-8494","post","type-post","status-publish","format-standard","has-post-thumbnail","hentry","category-leib_und_seele","tag-gesund-durch-die-erkaeltungszeit"],"yoast_head":"<!-- This site is optimized with the Yoast SEO plugin v27.5 - https:\/\/yoast.com\/product\/yoast-seo-wordpress\/ -->\n<title>Gesund durch die Erk\u00e4ltungszeit - Fitshop - Das Fitness Blog<\/title>\n<meta name=\"description\" content=\"Personal Trainer und Ern\u00e4hrungsberater Jan Schwarz gibt Euch Tipps, wie Ihr gesund durch die Erk\u00e4ltungszeit kommt.\" \/>\n<meta name=\"robots\" content=\"index, follow, max-snippet:-1, max-image-preview:large, max-video-preview:-1\" \/>\n<link rel=\"canonical\" href=\"https:\/\/www.fitshop.de\/blog\/2016\/10\/gesund-durch-die-erkaeltungszeit\" \/>\n<meta property=\"og:locale\" content=\"de_DE\" \/>\n<meta property=\"og:type\" content=\"article\" \/>\n<meta property=\"og:title\" content=\"Gesund durch die Erk\u00e4ltungszeit - Fitshop - Das Fitness Blog\" \/>\n<meta property=\"og:description\" content=\"Personal Trainer und Ern\u00e4hrungsberater Jan Schwarz gibt Euch Tipps, wie Ihr gesund durch die Erk\u00e4ltungszeit kommt.\" \/>\n<meta property=\"og:url\" content=\"https:\/\/www.fitshop.de\/blog\/2016\/10\/gesund-durch-die-erkaeltungszeit\" \/>\n<meta property=\"og:site_name\" content=\"Fitshop - Das Fitness Blog\" \/>\n<meta property=\"article:published_time\" content=\"2016-10-06T10:23:45+00:00\" \/>\n<meta property=\"article:modified_time\" content=\"2016-10-06T12:59:38+00:00\" \/>\n<meta property=\"og:image\" content=\"https:\/\/www.fitshop.de\/blog\/wp-content\/uploads\/2016\/10\/Paprika2.jpg\" \/>\n\t<meta property=\"og:image:width\" content=\"1200\" \/>\n\t<meta property=\"og:image:height\" content=\"630\" \/>\n\t<meta property=\"og:image:type\" content=\"image\/jpeg\" \/>\n<meta name=\"author\" content=\"Simon Eberhardt-Alten\" \/>\n<meta name=\"twitter:card\" content=\"summary_large_image\" \/>\n<meta name=\"twitter:label1\" content=\"Verfasst von\" \/>\n\t<meta name=\"twitter:data1\" content=\"Simon Eberhardt-Alten\" \/>\n\t<meta name=\"twitter:label2\" content=\"Gesch\u00e4tzte Lesezeit\" \/>\n\t<meta name=\"twitter:data2\" content=\"2\u00a0Minuten\" \/>\n\t<meta name=\"twitter:label3\" content=\"Written by\" \/>\n\t<meta name=\"twitter:data3\" content=\"Simon Eberhardt-Alten\" \/>\n<script type=\"application\/ld+json\" class=\"yoast-schema-graph\">{\"@context\":\"https:\\\/\\\/schema.org\",\"@graph\":[{\"@type\":\"Article\",\"@id\":\"https:\\\/\\\/www.fitshop.de\\\/blog\\\/2016\\\/10\\\/gesund-durch-die-erkaeltungszeit#article\",\"isPartOf\":{\"@id\":\"https:\\\/\\\/www.fitshop.de\\\/blog\\\/2016\\\/10\\\/gesund-durch-die-erkaeltungszeit\"},\"author\":{\"name\":\"Simon Eberhardt-Alten\",\"@id\":\"https:\\\/\\\/www.fitshop.de\\\/blog\\\/#\\\/schema\\\/person\\\/b0cf9baf2e0ef85980a64070fab308a1\"},\"headline\":\"Gesund durch die Erk\u00e4ltungszeit\",\"datePublished\":\"2016-10-06T10:23:45+00:00\",\"dateModified\":\"2016-10-06T12:59:38+00:00\",\"mainEntityOfPage\":{\"@id\":\"https:\\\/\\\/www.fitshop.de\\\/blog\\\/2016\\\/10\\\/gesund-durch-die-erkaeltungszeit\"},\"wordCount\":416,\"commentCount\":0,\"publisher\":{\"@id\":\"https:\\\/\\\/www.fitshop.de\\\/blog\\\/#organization\"},\"image\":{\"@id\":\"https:\\\/\\\/www.fitshop.de\\\/blog\\\/2016\\\/10\\\/gesund-durch-die-erkaeltungszeit#primaryimage\"},\"thumbnailUrl\":\"https:\\\/\\\/www.fitshop.de\\\/blog\\\/wp-content\\\/uploads\\\/2016\\\/10\\\/Paprika2.jpg\",\"keywords\":[\"Gesund durch die Erk\u00e4ltungszeit\"],\"articleSection\":[\"Leib &amp; Seele\"],\"inLanguage\":\"de\",\"potentialAction\":[{\"@type\":\"CommentAction\",\"name\":\"Comment\",\"target\":[\"https:\\\/\\\/www.fitshop.de\\\/blog\\\/2016\\\/10\\\/gesund-durch-die-erkaeltungszeit#respond\"]}]},{\"@type\":\"WebPage\",\"@id\":\"https:\\\/\\\/www.fitshop.de\\\/blog\\\/2016\\\/10\\\/gesund-durch-die-erkaeltungszeit\",\"url\":\"https:\\\/\\\/www.fitshop.de\\\/blog\\\/2016\\\/10\\\/gesund-durch-die-erkaeltungszeit\",\"name\":\"Gesund durch die Erk\u00e4ltungszeit - Fitshop - Das Fitness Blog\",\"isPartOf\":{\"@id\":\"https:\\\/\\\/www.fitshop.de\\\/blog\\\/#website\"},\"primaryImageOfPage\":{\"@id\":\"https:\\\/\\\/www.fitshop.de\\\/blog\\\/2016\\\/10\\\/gesund-durch-die-erkaeltungszeit#primaryimage\"},\"image\":{\"@id\":\"https:\\\/\\\/www.fitshop.de\\\/blog\\\/2016\\\/10\\\/gesund-durch-die-erkaeltungszeit#primaryimage\"},\"thumbnailUrl\":\"https:\\\/\\\/www.fitshop.de\\\/blog\\\/wp-content\\\/uploads\\\/2016\\\/10\\\/Paprika2.jpg\",\"datePublished\":\"2016-10-06T10:23:45+00:00\",\"dateModified\":\"2016-10-06T12:59:38+00:00\",\"description\":\"Personal Trainer und Ern\u00e4hrungsberater Jan Schwarz gibt Euch Tipps, wie Ihr gesund durch die Erk\u00e4ltungszeit kommt.\",\"breadcrumb\":{\"@id\":\"https:\\\/\\\/www.fitshop.de\\\/blog\\\/2016\\\/10\\\/gesund-durch-die-erkaeltungszeit#breadcrumb\"},\"inLanguage\":\"de\",\"potentialAction\":[{\"@type\":\"ReadAction\",\"target\":[\"https:\\\/\\\/www.fitshop.de\\\/blog\\\/2016\\\/10\\\/gesund-durch-die-erkaeltungszeit\"]}]},{\"@type\":\"ImageObject\",\"inLanguage\":\"de\",\"@id\":\"https:\\\/\\\/www.fitshop.de\\\/blog\\\/2016\\\/10\\\/gesund-durch-die-erkaeltungszeit#primaryimage\",\"url\":\"https:\\\/\\\/www.fitshop.de\\\/blog\\\/wp-content\\\/uploads\\\/2016\\\/10\\\/Paprika2.jpg\",\"contentUrl\":\"https:\\\/\\\/www.fitshop.de\\\/blog\\\/wp-content\\\/uploads\\\/2016\\\/10\\\/Paprika2.jpg\",\"width\":1200,\"height\":630,\"caption\":\"Gesund durch die Erk\u00e4ltungszeit\"},{\"@type\":\"BreadcrumbList\",\"@id\":\"https:\\\/\\\/www.fitshop.de\\\/blog\\\/2016\\\/10\\\/gesund-durch-die-erkaeltungszeit#breadcrumb\",\"itemListElement\":[{\"@type\":\"ListItem\",\"position\":1,\"name\":\"Home\",\"item\":\"https:\\\/\\\/www.fitshop.de\\\/blog\"},{\"@type\":\"ListItem\",\"position\":2,\"name\":\"Gesund durch die Erk\u00e4ltungszeit\"}]},{\"@type\":\"WebSite\",\"@id\":\"https:\\\/\\\/www.fitshop.de\\\/blog\\\/#website\",\"url\":\"https:\\\/\\\/www.fitshop.de\\\/blog\\\/\",\"name\":\"Fitshop - Das Fitness Blog\",\"description\":\"\",\"publisher\":{\"@id\":\"https:\\\/\\\/www.fitshop.de\\\/blog\\\/#organization\"},\"potentialAction\":[{\"@type\":\"SearchAction\",\"target\":{\"@type\":\"EntryPoint\",\"urlTemplate\":\"https:\\\/\\\/www.fitshop.de\\\/blog\\\/?s={search_term_string}\"},\"query-input\":{\"@type\":\"PropertyValueSpecification\",\"valueRequired\":true,\"valueName\":\"search_term_string\"}}],\"inLanguage\":\"de\"},{\"@type\":\"Organization\",\"@id\":\"https:\\\/\\\/www.fitshop.de\\\/blog\\\/#organization\",\"name\":\"Fitshop\",\"url\":\"https:\\\/\\\/www.fitshop.de\\\/blog\\\/\",\"logo\":{\"@type\":\"ImageObject\",\"inLanguage\":\"de\",\"@id\":\"https:\\\/\\\/www.fitshop.de\\\/blog\\\/#\\\/schema\\\/logo\\\/image\\\/\",\"url\":\"https:\\\/\\\/www.fitshop.de\\\/blog\\\/wp-content\\\/uploads\\\/2024\\\/05\\\/logo-fitshop-blog.png\",\"contentUrl\":\"https:\\\/\\\/www.fitshop.de\\\/blog\\\/wp-content\\\/uploads\\\/2024\\\/05\\\/logo-fitshop-blog.png\",\"width\":696,\"height\":696,\"caption\":\"Fitshop\"},\"image\":{\"@id\":\"https:\\\/\\\/www.fitshop.de\\\/blog\\\/#\\\/schema\\\/logo\\\/image\\\/\"}},{\"@type\":\"Person\",\"@id\":\"https:\\\/\\\/www.fitshop.de\\\/blog\\\/#\\\/schema\\\/person\\\/b0cf9baf2e0ef85980a64070fab308a1\",\"name\":\"Simon Eberhardt-Alten\",\"image\":{\"@type\":\"ImageObject\",\"inLanguage\":\"de\",\"@id\":\"https:\\\/\\\/secure.gravatar.com\\\/avatar\\\/4b9e752e929620c429b81e911b8ca18d40a9731b41c18e501d1dfe2a8f5abcbc?s=96&d=mm&r=gb10ac1b38cb5cf55569e4b8028d3136a\",\"url\":\"https:\\\/\\\/secure.gravatar.com\\\/avatar\\\/4b9e752e929620c429b81e911b8ca18d40a9731b41c18e501d1dfe2a8f5abcbc?s=96&d=mm&r=g\",\"contentUrl\":\"https:\\\/\\\/secure.gravatar.com\\\/avatar\\\/4b9e752e929620c429b81e911b8ca18d40a9731b41c18e501d1dfe2a8f5abcbc?s=96&d=mm&r=g\",\"caption\":\"Simon Eberhardt-Alten\"},\"description\":\"Magister in Sportwissenschaft und Medizinischer Physiologie (Nebenfach)\",\"url\":\"https:\\\/\\\/www.fitshop.de\\\/blog\\\/author\\\/seb\"}]}<\/script>\n<!-- \/ Yoast SEO plugin. -->","yoast_head_json":{"title":"Gesund durch die Erk\u00e4ltungszeit - Fitshop - Das Fitness Blog","description":"Personal Trainer und Ern\u00e4hrungsberater Jan Schwarz gibt Euch Tipps, wie Ihr gesund durch die Erk\u00e4ltungszeit kommt.","robots":{"index":"index","follow":"follow","max-snippet":"max-snippet:-1","max-image-preview":"max-image-preview:large","max-video-preview":"max-video-preview:-1"},"canonical":"https:\/\/www.fitshop.de\/blog\/2016\/10\/gesund-durch-die-erkaeltungszeit","og_locale":"de_DE","og_type":"article","og_title":"Gesund durch die Erk\u00e4ltungszeit - Fitshop - Das Fitness Blog","og_description":"Personal Trainer und Ern\u00e4hrungsberater Jan Schwarz gibt Euch Tipps, wie Ihr gesund durch die Erk\u00e4ltungszeit kommt.","og_url":"https:\/\/www.fitshop.de\/blog\/2016\/10\/gesund-durch-die-erkaeltungszeit","og_site_name":"Fitshop - Das Fitness Blog","article_published_time":"2016-10-06T10:23:45+00:00","article_modified_time":"2016-10-06T12:59:38+00:00","og_image":[{"width":1200,"height":630,"url":"https:\/\/www.fitshop.de\/blog\/wp-content\/uploads\/2016\/10\/Paprika2.jpg","type":"image\/jpeg"}],"author":"Simon Eberhardt-Alten","twitter_card":"summary_large_image","twitter_misc":{"Verfasst von":"Simon Eberhardt-Alten","Gesch\u00e4tzte Lesezeit":"2\u00a0Minuten","Written by":"Simon Eberhardt-Alten"},"schema":{"@context":"https:\/\/schema.org","@graph":[{"@type":"Article","@id":"https:\/\/www.fitshop.de\/blog\/2016\/10\/gesund-durch-die-erkaeltungszeit#article","isPartOf":{"@id":"https:\/\/www.fitshop.de\/blog\/2016\/10\/gesund-durch-die-erkaeltungszeit"},"author":{"name":"Simon Eberhardt-Alten","@id":"https:\/\/www.fitshop.de\/blog\/#\/schema\/person\/b0cf9baf2e0ef85980a64070fab308a1"},"headline":"Gesund durch die Erk\u00e4ltungszeit","datePublished":"2016-10-06T10:23:45+00:00","dateModified":"2016-10-06T12:59:38+00:00","mainEntityOfPage":{"@id":"https:\/\/www.fitshop.de\/blog\/2016\/10\/gesund-durch-die-erkaeltungszeit"},"wordCount":416,"commentCount":0,"publisher":{"@id":"https:\/\/www.fitshop.de\/blog\/#organization"},"image":{"@id":"https:\/\/www.fitshop.de\/blog\/2016\/10\/gesund-durch-die-erkaeltungszeit#primaryimage"},"thumbnailUrl":"https:\/\/www.fitshop.de\/blog\/wp-content\/uploads\/2016\/10\/Paprika2.jpg","keywords":["Gesund durch die Erk\u00e4ltungszeit"],"articleSection":["Leib &amp; Seele"],"inLanguage":"de","potentialAction":[{"@type":"CommentAction","name":"Comment","target":["https:\/\/www.fitshop.de\/blog\/2016\/10\/gesund-durch-die-erkaeltungszeit#respond"]}]},{"@type":"WebPage","@id":"https:\/\/www.fitshop.de\/blog\/2016\/10\/gesund-durch-die-erkaeltungszeit","url":"https:\/\/www.fitshop.de\/blog\/2016\/10\/gesund-durch-die-erkaeltungszeit","name":"Gesund durch die Erk\u00e4ltungszeit - Fitshop - Das Fitness Blog","isPartOf":{"@id":"https:\/\/www.fitshop.de\/blog\/#website"},"primaryImageOfPage":{"@id":"https:\/\/www.fitshop.de\/blog\/2016\/10\/gesund-durch-die-erkaeltungszeit#primaryimage"},"image":{"@id":"https:\/\/www.fitshop.de\/blog\/2016\/10\/gesund-durch-die-erkaeltungszeit#primaryimage"},"thumbnailUrl":"https:\/\/www.fitshop.de\/blog\/wp-content\/uploads\/2016\/10\/Paprika2.jpg","datePublished":"2016-10-06T10:23:45+00:00","dateModified":"2016-10-06T12:59:38+00:00","description":"Personal Trainer und Ern\u00e4hrungsberater Jan Schwarz gibt Euch Tipps, wie Ihr gesund durch die Erk\u00e4ltungszeit kommt.","breadcrumb":{"@id":"https:\/\/www.fitshop.de\/blog\/2016\/10\/gesund-durch-die-erkaeltungszeit#breadcrumb"},"inLanguage":"de","potentialAction":[{"@type":"ReadAction","target":["https:\/\/www.fitshop.de\/blog\/2016\/10\/gesund-durch-die-erkaeltungszeit"]}]},{"@type":"ImageObject","inLanguage":"de","@id":"https:\/\/www.fitshop.de\/blog\/2016\/10\/gesund-durch-die-erkaeltungszeit#primaryimage","url":"https:\/\/www.fitshop.de\/blog\/wp-content\/uploads\/2016\/10\/Paprika2.jpg","contentUrl":"https:\/\/www.fitshop.de\/blog\/wp-content\/uploads\/2016\/10\/Paprika2.jpg","width":1200,"height":630,"caption":"Gesund durch die Erk\u00e4ltungszeit"},{"@type":"BreadcrumbList","@id":"https:\/\/www.fitshop.de\/blog\/2016\/10\/gesund-durch-die-erkaeltungszeit#breadcrumb","itemListElement":[{"@type":"ListItem","position":1,"name":"Home","item":"https:\/\/www.fitshop.de\/blog"},{"@type":"ListItem","position":2,"name":"Gesund durch die Erk\u00e4ltungszeit"}]},{"@type":"WebSite","@id":"https:\/\/www.fitshop.de\/blog\/#website","url":"https:\/\/www.fitshop.de\/blog\/","name":"Fitshop - Das Fitness Blog","description":"","publisher":{"@id":"https:\/\/www.fitshop.de\/blog\/#organization"},"potentialAction":[{"@type":"SearchAction","target":{"@type":"EntryPoint","urlTemplate":"https:\/\/www.fitshop.de\/blog\/?s={search_term_string}"},"query-input":{"@type":"PropertyValueSpecification","valueRequired":true,"valueName":"search_term_string"}}],"inLanguage":"de"},{"@type":"Organization","@id":"https:\/\/www.fitshop.de\/blog\/#organization","name":"Fitshop","url":"https:\/\/www.fitshop.de\/blog\/","logo":{"@type":"ImageObject","inLanguage":"de","@id":"https:\/\/www.fitshop.de\/blog\/#\/schema\/logo\/image\/","url":"https:\/\/www.fitshop.de\/blog\/wp-content\/uploads\/2024\/05\/logo-fitshop-blog.png","contentUrl":"https:\/\/www.fitshop.de\/blog\/wp-content\/uploads\/2024\/05\/logo-fitshop-blog.png","width":696,"height":696,"caption":"Fitshop"},"image":{"@id":"https:\/\/www.fitshop.de\/blog\/#\/schema\/logo\/image\/"}},{"@type":"Person","@id":"https:\/\/www.fitshop.de\/blog\/#\/schema\/person\/b0cf9baf2e0ef85980a64070fab308a1","name":"Simon Eberhardt-Alten","image":{"@type":"ImageObject","inLanguage":"de","@id":"https:\/\/secure.gravatar.com\/avatar\/4b9e752e929620c429b81e911b8ca18d40a9731b41c18e501d1dfe2a8f5abcbc?s=96&d=mm&r=gb10ac1b38cb5cf55569e4b8028d3136a","url":"https:\/\/secure.gravatar.com\/avatar\/4b9e752e929620c429b81e911b8ca18d40a9731b41c18e501d1dfe2a8f5abcbc?s=96&d=mm&r=g","contentUrl":"https:\/\/secure.gravatar.com\/avatar\/4b9e752e929620c429b81e911b8ca18d40a9731b41c18e501d1dfe2a8f5abcbc?s=96&d=mm&r=g","caption":"Simon Eberhardt-Alten"},"description":"Magister in Sportwissenschaft und Medizinischer Physiologie (Nebenfach)","url":"https:\/\/www.fitshop.de\/blog\/author\/seb"}]}},"_links":{"self":[{"href":"https:\/\/www.fitshop.de\/blog\/wp-json\/wp\/v2\/posts\/8494","targetHints":{"allow":["GET"]}}],"collection":[{"href":"https:\/\/www.fitshop.de\/blog\/wp-json\/wp\/v2\/posts"}],"about":[{"href":"https:\/\/www.fitshop.de\/blog\/wp-json\/wp\/v2\/types\/post"}],"author":[{"embeddable":true,"href":"https:\/\/www.fitshop.de\/blog\/wp-json\/wp\/v2\/users\/10"}],"replies":[{"embeddable":true,"href":"https:\/\/www.fitshop.de\/blog\/wp-json\/wp\/v2\/comments?post=8494"}],"version-history":[{"count":5,"href":"https:\/\/www.fitshop.de\/blog\/wp-json\/wp\/v2\/posts\/8494\/revisions"}],"predecessor-version":[{"id":8499,"href":"https:\/\/www.fitshop.de\/blog\/wp-json\/wp\/v2\/posts\/8494\/revisions\/8499"}],"wp:featuredmedia":[{"embeddable":true,"href":"https:\/\/www.fitshop.de\/blog\/wp-json\/wp\/v2\/media\/8498"}],"wp:attachment":[{"href":"https:\/\/www.fitshop.de\/blog\/wp-json\/wp\/v2\/media?parent=8494"}],"wp:term":[{"taxonomy":"category","embeddable":true,"href":"https:\/\/www.fitshop.de\/blog\/wp-json\/wp\/v2\/categories?post=8494"},{"taxonomy":"post_tag","embeddable":true,"href":"https:\/\/www.fitshop.de\/blog\/wp-json\/wp\/v2\/tags?post=8494"},{"taxonomy":"author","embeddable":true,"href":"https:\/\/www.fitshop.de\/blog\/wp-json\/wp\/v2\/coauthors?post=8494"}],"curies":[{"name":"wp","href":"https:\/\/api.w.org\/{rel}","templated":true}]}}