{"id":7762,"date":"2016-07-15T15:27:06","date_gmt":"2016-07-15T13:27:06","guid":{"rendered":"http:\/\/www.sport-tiedje.de\/blog\/?p=7762"},"modified":"2016-07-15T15:59:13","modified_gmt":"2016-07-15T13:59:13","slug":"mein-sozialer-tag-bei-sport-tiedje","status":"publish","type":"post","link":"https:\/\/www.fitshop.de\/blog\/2016\/07\/mein-sozialer-tag-bei-sport-tiedje","title":{"rendered":"Mein sozialer Tag bei Sport-Tiedje"},"content":{"rendered":"<p>Am 14.07. haben viele Sch\u00fclerinnen und Sch\u00fcler in Deutschland die Schulbank gegen einen Arbeitsplatz getauscht. F\u00fcr die Sch\u00fcler eine tolle M\u00f6glichkeit, verschiedene Berufe auszuprobieren und gleichzeitig etwas f\u00fcr einen guten Zweck zu tun.<br \/>\nDie Sch\u00fcler bekommen an diesem Tag f\u00fcr ihre Arbeit vom Unternehmen ein Gehalt gezahlt. Das erarbeitete Geld wird an Sch\u00fcler Helfen Leben e.V. gespendet, um damit Projekte f\u00fcr Kinder und Jugendliche durchzuf\u00fchren.<\/p>\n<p>Lest hier den Erfahrungsbericht von Hendrik, der die Chance ergriffen hat, bei Sport-Tiedje in der Firmenzentrale in verschiedene Arbeitsbereiche hineinzuschnuppern.<!--more--><\/p>\n<h2>Mein sozialer Tag bei Sport-Tiedje<\/h2>\n<p><strong>Hallo,<\/strong><\/p>\n<p>mein Name ist Hendrik und ich bin 11 Jahre alt. Heute, am 14.7.2016, arbeite ich f\u00fcr den sozialen Tag bei Sport-Tiedje in Schleswig.<\/p>\n<h3>Was ist der soziale Tag?<\/h3>\n<p>Der soziale Tag ist ein Tag, an dem Sch\u00fcler\/innen f\u00fcr einen bestimmten Verein bei Unternehmen arbeiten, um diese Vereine mit dem Geld, was sie dort verdienen, zu unterst\u00fctzen.<\/p>\n<h3>Warum ich mich f\u00fcr Sport-Tiedje entschieden habe<\/h3>\n<p>Ich habe mich f\u00fcr Sport-Tiedje entschieden, da dort auch meine Mama arbeitet. Ich wollte mir sowieso mal ansehen was sie macht und da sah ich meine Chance.<\/p>\n<h3>\u00dcber mich<\/h3>\n<p>Ich hei\u00dfe Hendrik und bin 11 Jahre alt. Ich gehe auf die Domschule und bin in der 6g (Latein-klasse).<br \/>\nIn meiner Freizeit mache ich gerne Kampfsport, lese ein Buch, spiele Videospiele und\/oder spiele und kuschele mit meinen Katzen.<\/p>\n<h3>Wo ich bei Sport-Tiedje gearbeitet habe<\/h3>\n<p>Ich arbeitete bei Sport-Tiedje in Schleswig. Meine Betreuerin hie\u00df Jane. Ich arbeitete f\u00fcr die ersten 2 Stunden im Marketing.<\/p>\n<p>Nachdem ich beim Marketing war, wurde ich auf der gro\u00dfen Ausstellungsfl\u00e4che von den Mitarbeitern gut \u00fcber die Fitnessger\u00e4te informiert. Au\u00dferdem durfte ich auf die Ger\u00e4te, was auch cool war. Dann war ich noch bei den \u00dcbersetzern und dann hatte ich meine Pause, auf die ich mich schon gefreut hatte. Zwar dauerte sie 1 Stunde, aber es kam mir unglaublich kurz vor.<\/p>\n<p>Am meisten Spa\u00df hat mir das arbeiten im Lager und im Marketing gemacht, da ich dort am meisten zu tun hatte.<\/p>\n<p>Am Ende wurde ich auf einer bestimmten Waage (<a href=\"https:\/\/www.fitshop.de\/tanita-koerperfettwaage-mc-780-ma-tanita-koerperfettwaage-mc-780-ma-tan-mc780m002a\" data-wpel-link=\"external\" target=\"_blank\" rel=\"external noopener noreferrer\">Tanita K\u00f6rperfettwaage MC 780 MA<\/a>\u00a0 &#8211; Anm. d. Red.) analysiert, also meine Muskelmasse, Fettmasse, Wassergehalt, sonstige Massen, BMI, \u2026 Ich war sehr zufrieden mit dem Ergebnis.<br \/>\nInsgesamt hat mir der Tag sehr gefallen.<\/p>\n<p><strong>LG<\/strong><br \/>\n<strong> Euer Hendrik<\/strong><\/p>\n","protected":false},"excerpt":{"rendered":"<p>Am 14.07. haben viele Sch\u00fclerinnen und Sch\u00fcler in Deutschland die Schulbank gegen einen Arbeitsplatz getauscht. F\u00fcr die Sch\u00fcler eine tolle M\u00f6glichkeit, verschiedene Berufe auszuprobieren und gleichzeitig etwas f\u00fcr einen guten Zweck zu tun. Die Sch\u00fcler bekommen an diesem Tag f\u00fcr ihre Arbeit vom Unternehmen ein Gehalt gezahlt. Das erarbeitete Geld wird an Sch\u00fcler Helfen Leben [&hellip;]<\/p>\n","protected":false},"author":10,"featured_media":7766,"comment_status":"open","ping_status":"open","sticky":false,"template":"","format":"standard","meta":{"footnotes":""},"categories":[7],"tags":[771,770,769],"coauthors":[339],"class_list":["post-7762","post","type-post","status-publish","format-standard","has-post-thumbnail","hentry","category-wir_bei_fitshop","tag-schueler-helfen-leben-e-v","tag-sozialer-tag","tag-sozialer-tag-bei-sport-tiedje"],"yoast_head":"<!-- This site is optimized with the Yoast SEO plugin v27.5 - https:\/\/yoast.com\/product\/yoast-seo-wordpress\/ -->\n<title>Mein sozialer Tag bei Sport-Tiedje - Fitshop - Das Fitness Blog<\/title>\n<meta name=\"description\" content=\"Hendrik (11) berichtet von seinem Praktikum bei Sport-Tiedje im Rahmen des sozialen Tages. Mein sozialer Tag bei Sport-Tiedje.\" \/>\n<meta name=\"robots\" content=\"index, follow, max-snippet:-1, max-image-preview:large, max-video-preview:-1\" \/>\n<link rel=\"canonical\" href=\"https:\/\/www.fitshop.de\/blog\/2016\/07\/mein-sozialer-tag-bei-sport-tiedje\" \/>\n<meta property=\"og:locale\" content=\"de_DE\" \/>\n<meta property=\"og:type\" content=\"article\" \/>\n<meta property=\"og:title\" content=\"Mein sozialer Tag bei Sport-Tiedje - Fitshop - Das Fitness Blog\" \/>\n<meta property=\"og:description\" content=\"Hendrik (11) berichtet von seinem Praktikum bei Sport-Tiedje im Rahmen des sozialen Tages. Mein sozialer Tag bei Sport-Tiedje.\" \/>\n<meta property=\"og:url\" content=\"https:\/\/www.fitshop.de\/blog\/2016\/07\/mein-sozialer-tag-bei-sport-tiedje\" \/>\n<meta property=\"og:site_name\" content=\"Fitshop - Das Fitness Blog\" \/>\n<meta property=\"article:published_time\" content=\"2016-07-15T13:27:06+00:00\" \/>\n<meta property=\"article:modified_time\" content=\"2016-07-15T13:59:13+00:00\" \/>\n<meta property=\"og:image\" content=\"https:\/\/www.fitshop.de\/blog\/wp-content\/uploads\/2016\/07\/ST0_0001.jpg\" \/>\n\t<meta property=\"og:image:width\" content=\"1200\" \/>\n\t<meta property=\"og:image:height\" content=\"800\" \/>\n\t<meta property=\"og:image:type\" content=\"image\/jpeg\" \/>\n<meta name=\"author\" content=\"Simon Eberhardt-Alten\" \/>\n<meta name=\"twitter:card\" content=\"summary_large_image\" \/>\n<meta name=\"twitter:label1\" content=\"Verfasst von\" \/>\n\t<meta name=\"twitter:data1\" content=\"Simon Eberhardt-Alten\" \/>\n\t<meta name=\"twitter:label2\" content=\"Gesch\u00e4tzte Lesezeit\" \/>\n\t<meta name=\"twitter:data2\" content=\"2\u00a0Minuten\" \/>\n\t<meta name=\"twitter:label3\" content=\"Written by\" \/>\n\t<meta name=\"twitter:data3\" content=\"Simon Eberhardt-Alten\" \/>\n<script type=\"application\/ld+json\" class=\"yoast-schema-graph\">{\"@context\":\"https:\\\/\\\/schema.org\",\"@graph\":[{\"@type\":\"Article\",\"@id\":\"https:\\\/\\\/www.fitshop.de\\\/blog\\\/2016\\\/07\\\/mein-sozialer-tag-bei-sport-tiedje#article\",\"isPartOf\":{\"@id\":\"https:\\\/\\\/www.fitshop.de\\\/blog\\\/2016\\\/07\\\/mein-sozialer-tag-bei-sport-tiedje\"},\"author\":{\"name\":\"Simon Eberhardt-Alten\",\"@id\":\"https:\\\/\\\/www.fitshop.de\\\/blog\\\/#\\\/schema\\\/person\\\/b0cf9baf2e0ef85980a64070fab308a1\"},\"headline\":\"Mein sozialer Tag bei Sport-Tiedje\",\"datePublished\":\"2016-07-15T13:27:06+00:00\",\"dateModified\":\"2016-07-15T13:59:13+00:00\",\"mainEntityOfPage\":{\"@id\":\"https:\\\/\\\/www.fitshop.de\\\/blog\\\/2016\\\/07\\\/mein-sozialer-tag-bei-sport-tiedje\"},\"wordCount\":397,\"commentCount\":0,\"publisher\":{\"@id\":\"https:\\\/\\\/www.fitshop.de\\\/blog\\\/#organization\"},\"image\":{\"@id\":\"https:\\\/\\\/www.fitshop.de\\\/blog\\\/2016\\\/07\\\/mein-sozialer-tag-bei-sport-tiedje#primaryimage\"},\"thumbnailUrl\":\"https:\\\/\\\/www.fitshop.de\\\/blog\\\/wp-content\\\/uploads\\\/2016\\\/07\\\/ST0_0001.jpg\",\"keywords\":[\"Sch\u00fcler Helfen Leben e.V.\",\"Sozialer Tag\",\"Sozialer Tag bei Sport-Tiedje\"],\"articleSection\":[\"Wir bei Fitshop\"],\"inLanguage\":\"de\",\"potentialAction\":[{\"@type\":\"CommentAction\",\"name\":\"Comment\",\"target\":[\"https:\\\/\\\/www.fitshop.de\\\/blog\\\/2016\\\/07\\\/mein-sozialer-tag-bei-sport-tiedje#respond\"]}]},{\"@type\":\"WebPage\",\"@id\":\"https:\\\/\\\/www.fitshop.de\\\/blog\\\/2016\\\/07\\\/mein-sozialer-tag-bei-sport-tiedje\",\"url\":\"https:\\\/\\\/www.fitshop.de\\\/blog\\\/2016\\\/07\\\/mein-sozialer-tag-bei-sport-tiedje\",\"name\":\"Mein sozialer Tag bei Sport-Tiedje - Fitshop - Das Fitness Blog\",\"isPartOf\":{\"@id\":\"https:\\\/\\\/www.fitshop.de\\\/blog\\\/#website\"},\"primaryImageOfPage\":{\"@id\":\"https:\\\/\\\/www.fitshop.de\\\/blog\\\/2016\\\/07\\\/mein-sozialer-tag-bei-sport-tiedje#primaryimage\"},\"image\":{\"@id\":\"https:\\\/\\\/www.fitshop.de\\\/blog\\\/2016\\\/07\\\/mein-sozialer-tag-bei-sport-tiedje#primaryimage\"},\"thumbnailUrl\":\"https:\\\/\\\/www.fitshop.de\\\/blog\\\/wp-content\\\/uploads\\\/2016\\\/07\\\/ST0_0001.jpg\",\"datePublished\":\"2016-07-15T13:27:06+00:00\",\"dateModified\":\"2016-07-15T13:59:13+00:00\",\"description\":\"Hendrik (11) berichtet von seinem Praktikum bei Sport-Tiedje im Rahmen des sozialen Tages. Mein sozialer Tag bei Sport-Tiedje.\",\"breadcrumb\":{\"@id\":\"https:\\\/\\\/www.fitshop.de\\\/blog\\\/2016\\\/07\\\/mein-sozialer-tag-bei-sport-tiedje#breadcrumb\"},\"inLanguage\":\"de\",\"potentialAction\":[{\"@type\":\"ReadAction\",\"target\":[\"https:\\\/\\\/www.fitshop.de\\\/blog\\\/2016\\\/07\\\/mein-sozialer-tag-bei-sport-tiedje\"]}]},{\"@type\":\"ImageObject\",\"inLanguage\":\"de\",\"@id\":\"https:\\\/\\\/www.fitshop.de\\\/blog\\\/2016\\\/07\\\/mein-sozialer-tag-bei-sport-tiedje#primaryimage\",\"url\":\"https:\\\/\\\/www.fitshop.de\\\/blog\\\/wp-content\\\/uploads\\\/2016\\\/07\\\/ST0_0001.jpg\",\"contentUrl\":\"https:\\\/\\\/www.fitshop.de\\\/blog\\\/wp-content\\\/uploads\\\/2016\\\/07\\\/ST0_0001.jpg\",\"width\":1200,\"height\":800,\"caption\":\"Sozialer Tag bei Sport-Tiedje\"},{\"@type\":\"BreadcrumbList\",\"@id\":\"https:\\\/\\\/www.fitshop.de\\\/blog\\\/2016\\\/07\\\/mein-sozialer-tag-bei-sport-tiedje#breadcrumb\",\"itemListElement\":[{\"@type\":\"ListItem\",\"position\":1,\"name\":\"Home\",\"item\":\"https:\\\/\\\/www.fitshop.de\\\/blog\"},{\"@type\":\"ListItem\",\"position\":2,\"name\":\"Mein sozialer Tag bei Sport-Tiedje\"}]},{\"@type\":\"WebSite\",\"@id\":\"https:\\\/\\\/www.fitshop.de\\\/blog\\\/#website\",\"url\":\"https:\\\/\\\/www.fitshop.de\\\/blog\\\/\",\"name\":\"Fitshop - Das Fitness Blog\",\"description\":\"\",\"publisher\":{\"@id\":\"https:\\\/\\\/www.fitshop.de\\\/blog\\\/#organization\"},\"potentialAction\":[{\"@type\":\"SearchAction\",\"target\":{\"@type\":\"EntryPoint\",\"urlTemplate\":\"https:\\\/\\\/www.fitshop.de\\\/blog\\\/?s={search_term_string}\"},\"query-input\":{\"@type\":\"PropertyValueSpecification\",\"valueRequired\":true,\"valueName\":\"search_term_string\"}}],\"inLanguage\":\"de\"},{\"@type\":\"Organization\",\"@id\":\"https:\\\/\\\/www.fitshop.de\\\/blog\\\/#organization\",\"name\":\"Fitshop\",\"url\":\"https:\\\/\\\/www.fitshop.de\\\/blog\\\/\",\"logo\":{\"@type\":\"ImageObject\",\"inLanguage\":\"de\",\"@id\":\"https:\\\/\\\/www.fitshop.de\\\/blog\\\/#\\\/schema\\\/logo\\\/image\\\/\",\"url\":\"https:\\\/\\\/www.fitshop.de\\\/blog\\\/wp-content\\\/uploads\\\/2024\\\/05\\\/logo-fitshop-blog.png\",\"contentUrl\":\"https:\\\/\\\/www.fitshop.de\\\/blog\\\/wp-content\\\/uploads\\\/2024\\\/05\\\/logo-fitshop-blog.png\",\"width\":696,\"height\":696,\"caption\":\"Fitshop\"},\"image\":{\"@id\":\"https:\\\/\\\/www.fitshop.de\\\/blog\\\/#\\\/schema\\\/logo\\\/image\\\/\"}},{\"@type\":\"Person\",\"@id\":\"https:\\\/\\\/www.fitshop.de\\\/blog\\\/#\\\/schema\\\/person\\\/b0cf9baf2e0ef85980a64070fab308a1\",\"name\":\"Simon Eberhardt-Alten\",\"image\":{\"@type\":\"ImageObject\",\"inLanguage\":\"de\",\"@id\":\"https:\\\/\\\/secure.gravatar.com\\\/avatar\\\/4b9e752e929620c429b81e911b8ca18d40a9731b41c18e501d1dfe2a8f5abcbc?s=96&d=mm&r=gb10ac1b38cb5cf55569e4b8028d3136a\",\"url\":\"https:\\\/\\\/secure.gravatar.com\\\/avatar\\\/4b9e752e929620c429b81e911b8ca18d40a9731b41c18e501d1dfe2a8f5abcbc?s=96&d=mm&r=g\",\"contentUrl\":\"https:\\\/\\\/secure.gravatar.com\\\/avatar\\\/4b9e752e929620c429b81e911b8ca18d40a9731b41c18e501d1dfe2a8f5abcbc?s=96&d=mm&r=g\",\"caption\":\"Simon Eberhardt-Alten\"},\"description\":\"Magister in Sportwissenschaft und Medizinischer Physiologie (Nebenfach)\",\"url\":\"https:\\\/\\\/www.fitshop.de\\\/blog\\\/author\\\/seb\"}]}<\/script>\n<!-- \/ Yoast SEO plugin. -->","yoast_head_json":{"title":"Mein sozialer Tag bei Sport-Tiedje - Fitshop - Das Fitness Blog","description":"Hendrik (11) berichtet von seinem Praktikum bei Sport-Tiedje im Rahmen des sozialen Tages. Mein sozialer Tag bei Sport-Tiedje.","robots":{"index":"index","follow":"follow","max-snippet":"max-snippet:-1","max-image-preview":"max-image-preview:large","max-video-preview":"max-video-preview:-1"},"canonical":"https:\/\/www.fitshop.de\/blog\/2016\/07\/mein-sozialer-tag-bei-sport-tiedje","og_locale":"de_DE","og_type":"article","og_title":"Mein sozialer Tag bei Sport-Tiedje - Fitshop - Das Fitness Blog","og_description":"Hendrik (11) berichtet von seinem Praktikum bei Sport-Tiedje im Rahmen des sozialen Tages. Mein sozialer Tag bei Sport-Tiedje.","og_url":"https:\/\/www.fitshop.de\/blog\/2016\/07\/mein-sozialer-tag-bei-sport-tiedje","og_site_name":"Fitshop - Das Fitness Blog","article_published_time":"2016-07-15T13:27:06+00:00","article_modified_time":"2016-07-15T13:59:13+00:00","og_image":[{"width":1200,"height":800,"url":"https:\/\/www.fitshop.de\/blog\/wp-content\/uploads\/2016\/07\/ST0_0001.jpg","type":"image\/jpeg"}],"author":"Simon Eberhardt-Alten","twitter_card":"summary_large_image","twitter_misc":{"Verfasst von":"Simon Eberhardt-Alten","Gesch\u00e4tzte Lesezeit":"2\u00a0Minuten","Written by":"Simon Eberhardt-Alten"},"schema":{"@context":"https:\/\/schema.org","@graph":[{"@type":"Article","@id":"https:\/\/www.fitshop.de\/blog\/2016\/07\/mein-sozialer-tag-bei-sport-tiedje#article","isPartOf":{"@id":"https:\/\/www.fitshop.de\/blog\/2016\/07\/mein-sozialer-tag-bei-sport-tiedje"},"author":{"name":"Simon Eberhardt-Alten","@id":"https:\/\/www.fitshop.de\/blog\/#\/schema\/person\/b0cf9baf2e0ef85980a64070fab308a1"},"headline":"Mein sozialer Tag bei Sport-Tiedje","datePublished":"2016-07-15T13:27:06+00:00","dateModified":"2016-07-15T13:59:13+00:00","mainEntityOfPage":{"@id":"https:\/\/www.fitshop.de\/blog\/2016\/07\/mein-sozialer-tag-bei-sport-tiedje"},"wordCount":397,"commentCount":0,"publisher":{"@id":"https:\/\/www.fitshop.de\/blog\/#organization"},"image":{"@id":"https:\/\/www.fitshop.de\/blog\/2016\/07\/mein-sozialer-tag-bei-sport-tiedje#primaryimage"},"thumbnailUrl":"https:\/\/www.fitshop.de\/blog\/wp-content\/uploads\/2016\/07\/ST0_0001.jpg","keywords":["Sch\u00fcler Helfen Leben e.V.","Sozialer Tag","Sozialer Tag bei Sport-Tiedje"],"articleSection":["Wir bei Fitshop"],"inLanguage":"de","potentialAction":[{"@type":"CommentAction","name":"Comment","target":["https:\/\/www.fitshop.de\/blog\/2016\/07\/mein-sozialer-tag-bei-sport-tiedje#respond"]}]},{"@type":"WebPage","@id":"https:\/\/www.fitshop.de\/blog\/2016\/07\/mein-sozialer-tag-bei-sport-tiedje","url":"https:\/\/www.fitshop.de\/blog\/2016\/07\/mein-sozialer-tag-bei-sport-tiedje","name":"Mein sozialer Tag bei Sport-Tiedje - Fitshop - Das Fitness Blog","isPartOf":{"@id":"https:\/\/www.fitshop.de\/blog\/#website"},"primaryImageOfPage":{"@id":"https:\/\/www.fitshop.de\/blog\/2016\/07\/mein-sozialer-tag-bei-sport-tiedje#primaryimage"},"image":{"@id":"https:\/\/www.fitshop.de\/blog\/2016\/07\/mein-sozialer-tag-bei-sport-tiedje#primaryimage"},"thumbnailUrl":"https:\/\/www.fitshop.de\/blog\/wp-content\/uploads\/2016\/07\/ST0_0001.jpg","datePublished":"2016-07-15T13:27:06+00:00","dateModified":"2016-07-15T13:59:13+00:00","description":"Hendrik (11) berichtet von seinem Praktikum bei Sport-Tiedje im Rahmen des sozialen Tages. Mein sozialer Tag bei Sport-Tiedje.","breadcrumb":{"@id":"https:\/\/www.fitshop.de\/blog\/2016\/07\/mein-sozialer-tag-bei-sport-tiedje#breadcrumb"},"inLanguage":"de","potentialAction":[{"@type":"ReadAction","target":["https:\/\/www.fitshop.de\/blog\/2016\/07\/mein-sozialer-tag-bei-sport-tiedje"]}]},{"@type":"ImageObject","inLanguage":"de","@id":"https:\/\/www.fitshop.de\/blog\/2016\/07\/mein-sozialer-tag-bei-sport-tiedje#primaryimage","url":"https:\/\/www.fitshop.de\/blog\/wp-content\/uploads\/2016\/07\/ST0_0001.jpg","contentUrl":"https:\/\/www.fitshop.de\/blog\/wp-content\/uploads\/2016\/07\/ST0_0001.jpg","width":1200,"height":800,"caption":"Sozialer Tag bei Sport-Tiedje"},{"@type":"BreadcrumbList","@id":"https:\/\/www.fitshop.de\/blog\/2016\/07\/mein-sozialer-tag-bei-sport-tiedje#breadcrumb","itemListElement":[{"@type":"ListItem","position":1,"name":"Home","item":"https:\/\/www.fitshop.de\/blog"},{"@type":"ListItem","position":2,"name":"Mein sozialer Tag bei Sport-Tiedje"}]},{"@type":"WebSite","@id":"https:\/\/www.fitshop.de\/blog\/#website","url":"https:\/\/www.fitshop.de\/blog\/","name":"Fitshop - Das Fitness Blog","description":"","publisher":{"@id":"https:\/\/www.fitshop.de\/blog\/#organization"},"potentialAction":[{"@type":"SearchAction","target":{"@type":"EntryPoint","urlTemplate":"https:\/\/www.fitshop.de\/blog\/?s={search_term_string}"},"query-input":{"@type":"PropertyValueSpecification","valueRequired":true,"valueName":"search_term_string"}}],"inLanguage":"de"},{"@type":"Organization","@id":"https:\/\/www.fitshop.de\/blog\/#organization","name":"Fitshop","url":"https:\/\/www.fitshop.de\/blog\/","logo":{"@type":"ImageObject","inLanguage":"de","@id":"https:\/\/www.fitshop.de\/blog\/#\/schema\/logo\/image\/","url":"https:\/\/www.fitshop.de\/blog\/wp-content\/uploads\/2024\/05\/logo-fitshop-blog.png","contentUrl":"https:\/\/www.fitshop.de\/blog\/wp-content\/uploads\/2024\/05\/logo-fitshop-blog.png","width":696,"height":696,"caption":"Fitshop"},"image":{"@id":"https:\/\/www.fitshop.de\/blog\/#\/schema\/logo\/image\/"}},{"@type":"Person","@id":"https:\/\/www.fitshop.de\/blog\/#\/schema\/person\/b0cf9baf2e0ef85980a64070fab308a1","name":"Simon Eberhardt-Alten","image":{"@type":"ImageObject","inLanguage":"de","@id":"https:\/\/secure.gravatar.com\/avatar\/4b9e752e929620c429b81e911b8ca18d40a9731b41c18e501d1dfe2a8f5abcbc?s=96&d=mm&r=gb10ac1b38cb5cf55569e4b8028d3136a","url":"https:\/\/secure.gravatar.com\/avatar\/4b9e752e929620c429b81e911b8ca18d40a9731b41c18e501d1dfe2a8f5abcbc?s=96&d=mm&r=g","contentUrl":"https:\/\/secure.gravatar.com\/avatar\/4b9e752e929620c429b81e911b8ca18d40a9731b41c18e501d1dfe2a8f5abcbc?s=96&d=mm&r=g","caption":"Simon Eberhardt-Alten"},"description":"Magister in Sportwissenschaft und Medizinischer Physiologie (Nebenfach)","url":"https:\/\/www.fitshop.de\/blog\/author\/seb"}]}},"_links":{"self":[{"href":"https:\/\/www.fitshop.de\/blog\/wp-json\/wp\/v2\/posts\/7762","targetHints":{"allow":["GET"]}}],"collection":[{"href":"https:\/\/www.fitshop.de\/blog\/wp-json\/wp\/v2\/posts"}],"about":[{"href":"https:\/\/www.fitshop.de\/blog\/wp-json\/wp\/v2\/types\/post"}],"author":[{"embeddable":true,"href":"https:\/\/www.fitshop.de\/blog\/wp-json\/wp\/v2\/users\/10"}],"replies":[{"embeddable":true,"href":"https:\/\/www.fitshop.de\/blog\/wp-json\/wp\/v2\/comments?post=7762"}],"version-history":[{"count":4,"href":"https:\/\/www.fitshop.de\/blog\/wp-json\/wp\/v2\/posts\/7762\/revisions"}],"predecessor-version":[{"id":7764,"href":"https:\/\/www.fitshop.de\/blog\/wp-json\/wp\/v2\/posts\/7762\/revisions\/7764"}],"wp:featuredmedia":[{"embeddable":true,"href":"https:\/\/www.fitshop.de\/blog\/wp-json\/wp\/v2\/media\/7766"}],"wp:attachment":[{"href":"https:\/\/www.fitshop.de\/blog\/wp-json\/wp\/v2\/media?parent=7762"}],"wp:term":[{"taxonomy":"category","embeddable":true,"href":"https:\/\/www.fitshop.de\/blog\/wp-json\/wp\/v2\/categories?post=7762"},{"taxonomy":"post_tag","embeddable":true,"href":"https:\/\/www.fitshop.de\/blog\/wp-json\/wp\/v2\/tags?post=7762"},{"taxonomy":"author","embeddable":true,"href":"https:\/\/www.fitshop.de\/blog\/wp-json\/wp\/v2\/coauthors?post=7762"}],"curies":[{"name":"wp","href":"https:\/\/api.w.org\/{rel}","templated":true}]}}