{"id":4223,"date":"2015-04-17T15:55:10","date_gmt":"2015-04-17T13:55:10","guid":{"rendered":"http:\/\/www.sport-tiedje.de\/blog\/?p=4223"},"modified":"2020-12-02T13:56:20","modified_gmt":"2020-12-02T12:56:20","slug":"in-eigener-sache-sport-tiedje-uebernimmt-die-fitshop-gruppe-in-den-niederlanden","status":"publish","type":"post","link":"https:\/\/www.fitshop.de\/blog\/2015\/04\/in-eigener-sache-sport-tiedje-uebernimmt-die-fitshop-gruppe-in-den-niederlanden","title":{"rendered":"In eigener Sache: Sport-Tiedje \u00fcbernimmt die Fitshop-Gruppe in den Niederlanden"},"content":{"rendered":"<p>Die Benelux-Region ist schon seit einigen Jahren ein bedeutender Markt f\u00fcr Sport-Tiedje. Wachsende Online-Ums\u00e4tze f\u00fchrten dazu, dass wir Mitte 2013 je eine T-Fitness-Filiale in Amsterdam und Br\u00fcssel er\u00f6ffneten. Ein gro\u00dfer Markt wie Benelux bietet nat\u00fcrlich Platz f\u00fcr mehr als nur zwei Filialen, daher wollen wir auch in dieser wichtigen Region wachsen. So war es eine gl\u00fcckliche F\u00fcgung, als uns der Inhaber von Fitshop kontaktierte, der aus privaten Gr\u00fcnden sein Unternehmen verkaufen wollte. Fitshop verf\u00fcgt \u00fcber ein starkes Onlinegesch\u00e4ft in den Niederlanden und Belgien und \u00fcber vier Fitness-Fachm\u00e4rkte in den Niederlanden (Bodegraven, Rotterdam, Den Haag und Roosendaal an der belgischen Grenze). Mit der \u00dcbernahme st\u00e4rken wir unsere Pr\u00e4senz in den Niederlanden und Belgien deutlich und erg\u00e4nzen unsere Standorte in Amsterdam und Br\u00fcssel geografisch optimal.<!--more--><\/p>\n<div id=\"attachment_4254\" style=\"width: 271px\" class=\"wp-caption alignright\"><a href=\"https:\/\/www.fitshop.de\/blog\/wp-content\/uploads\/2015\/04\/Eu-Karte_Filialfinder_europa_druck_27_NLBE.jpg\" rel=\"lightbox[4223]\" data-wpel-link=\"internal\"><img loading=\"lazy\" decoding=\"async\" aria-describedby=\"caption-attachment-4254\" src=\"https:\/\/www.fitshop.de\/blog\/wp-content\/uploads\/2015\/04\/Eu-Karte_Filialfinder_europa_druck_27_NLBE-261x300.jpg\" alt=\"Die klassische Sport-Tiedje-Karte ist dank der neuen Fitshop-Filialen gut gef\u00fcllt.\" width=\"261\" height=\"300\" class=\"size-medium wp-image-4254\" srcset=\"https:\/\/www.fitshop.de\/blog\/wp-content\/uploads\/2015\/04\/Eu-Karte_Filialfinder_europa_druck_27_NLBE-261x300.jpg 261w, https:\/\/www.fitshop.de\/blog\/wp-content\/uploads\/2015\/04\/Eu-Karte_Filialfinder_europa_druck_27_NLBE-891x1024.jpg 891w, https:\/\/www.fitshop.de\/blog\/wp-content\/uploads\/2015\/04\/Eu-Karte_Filialfinder_europa_druck_27_NLBE-624x718.jpg 624w, https:\/\/www.fitshop.de\/blog\/wp-content\/uploads\/2015\/04\/Eu-Karte_Filialfinder_europa_druck_27_NLBE.jpg 914w\" sizes=\"auto, (max-width: 261px) 100vw, 261px\" \/><\/a><p id=\"caption-attachment-4254\" class=\"wp-caption-text\">Die klassische Sport-Tiedje -Karte ist dank der neuen Fitshop-Filialen gut gef\u00fcllt.<\/p><\/div>\n<p>Die Marke Fitshop existiert seit 1978, damals wurde der erste Fitshop in Den Haag er\u00f6ffnet. Ronald de Hoog, der bisherige Besitzer, kaufte die Fitshops in Den Haag, Rotterdam und Roosendaal im Jahr 2011 von Tscheu La Ling, einem ehemaligen niederl\u00e4ndischen Fu\u00dfball-Nationalspieler von Ajax Amsterdam, und f\u00fcgte sie mit seiner Domain fitness-park.nl und seinem gro\u00dfen Showroom sowie seinem Vermietungsgesch\u00e4ft (fitness-rent.nl und fitness-dump.nl) in Bodegraven zusammen. Der Verkauf von Fitness-Gro\u00dfger\u00e4ten beider H\u00e4ndler wurde damals online und station\u00e4r unter dem Markennamen Fitshop fortgesetzt. Diesen Unternehmensverbund mit starker Pr\u00e4senz in den Niederlanden und Belgien (Online) hat Sport-Tiedje nun \u00fcbernommen.<\/p>\n<p>Bis auf Weiteres werden die Marken Fitshop und T-Fitness in der Benelux-Region parallel gef\u00fchrt, jeweils mit dem Zusatz \u201eMember of Sport-Tiedje Group\u201c. Die Integration von Fitshop in die Sport-Tiedje Gruppe hat bereits begonnen. Seit 7. April sind wir mit einem Team aus drei Mitarbeitern aus unserer zentralen IT, unserer Personalleiterin Heike, unserer Online-Vertriebsleiterin Tina, unserem Assistenten der Gesch\u00e4ftsf\u00fchrung Frithjof sowie mir in Bodegraven, um die neuen Kollegen alle kennenzulernen und die ersten Integrationsma\u00dfnahmen einzuleiten.<\/p>\n<p>Wir freuen uns sehr darauf, gemeinsam mit dem Fitshop-Team unsere gemeinsame Stellung in den Niederlanden zu festigen und weiter auszubauen und halten Euch nat\u00fcrlich auch hier im Blog auf dem Laufenden&#8230;<\/p>\n","protected":false},"excerpt":{"rendered":"<p>Die Benelux-Region ist schon seit einigen Jahren ein bedeutender Markt f\u00fcr Sport-Tiedje. Wachsende Online-Ums\u00e4tze f\u00fchrten dazu, dass wir Mitte 2013 je eine T-Fitness-Filiale in Amsterdam und Br\u00fcssel er\u00f6ffneten. Ein gro\u00dfer Markt wie Benelux bietet nat\u00fcrlich Platz f\u00fcr mehr als nur zwei Filialen, daher wollen wir auch in dieser wichtigen Region wachsen. So war es eine [&hellip;]<\/p>\n","protected":false},"author":10,"featured_media":4256,"comment_status":"open","ping_status":"open","sticky":false,"template":"","format":"standard","meta":{"footnotes":""},"categories":[7],"tags":[471,470],"coauthors":[117],"class_list":["post-4223","post","type-post","status-publish","format-standard","has-post-thumbnail","hentry","category-wir_bei_fitshop","tag-sport-tiedje-fitshop-nl","tag-sport-tiedje-uebernimmt-fitshop"],"yoast_head":"<!-- This site is optimized with the Yoast SEO plugin v27.5 - https:\/\/yoast.com\/product\/yoast-seo-wordpress\/ -->\n<title>In eigener Sache: Sport-Tiedje \u00fcbernimmt die Fitshop-Gruppe in den Niederlanden - Fitshop - Das Fitness Blog<\/title>\n<meta name=\"description\" content=\"In eigener Sache - Sport-Tiedje \u2705 Sport-Tiedje \u00fcbernimmt die Fitshop-Gruppe in den Niederlanden \u2705 Jetzt lesen!\" \/>\n<meta name=\"robots\" content=\"index, follow, max-snippet:-1, max-image-preview:large, max-video-preview:-1\" \/>\n<link rel=\"canonical\" href=\"https:\/\/www.fitshop.de\/blog\/2015\/04\/in-eigener-sache-sport-tiedje-uebernimmt-die-fitshop-gruppe-in-den-niederlanden\" \/>\n<meta property=\"og:locale\" content=\"de_DE\" \/>\n<meta property=\"og:type\" content=\"article\" \/>\n<meta property=\"og:title\" content=\"In eigener Sache: Sport-Tiedje \u00fcbernimmt die Fitshop-Gruppe in den Niederlanden - Fitshop - Das Fitness Blog\" \/>\n<meta property=\"og:description\" content=\"In eigener Sache - Sport-Tiedje \u2705 Sport-Tiedje \u00fcbernimmt die Fitshop-Gruppe in den Niederlanden \u2705 Jetzt lesen!\" \/>\n<meta property=\"og:url\" content=\"https:\/\/www.fitshop.de\/blog\/2015\/04\/in-eigener-sache-sport-tiedje-uebernimmt-die-fitshop-gruppe-in-den-niederlanden\" \/>\n<meta property=\"og:site_name\" content=\"Fitshop - Das Fitness Blog\" \/>\n<meta property=\"article:published_time\" content=\"2015-04-17T13:55:10+00:00\" \/>\n<meta property=\"article:modified_time\" content=\"2020-12-02T12:56:20+00:00\" \/>\n<meta property=\"og:image\" content=\"https:\/\/www.fitshop.de\/blog\/wp-content\/uploads\/2015\/04\/Logo_fitshop_glass1.jpg\" \/>\n\t<meta property=\"og:image:width\" content=\"300\" \/>\n\t<meta property=\"og:image:height\" content=\"300\" \/>\n\t<meta property=\"og:image:type\" content=\"image\/jpeg\" \/>\n<meta name=\"author\" content=\"Bernhard Schenkel\" \/>\n<meta name=\"twitter:card\" content=\"summary_large_image\" \/>\n<meta name=\"twitter:label1\" content=\"Verfasst von\" \/>\n\t<meta name=\"twitter:data1\" content=\"Simon Eberhardt-Alten\" \/>\n\t<meta name=\"twitter:label2\" content=\"Gesch\u00e4tzte Lesezeit\" \/>\n\t<meta name=\"twitter:data2\" content=\"2\u00a0Minuten\" \/>\n\t<meta name=\"twitter:label3\" content=\"Written by\" \/>\n\t<meta name=\"twitter:data3\" content=\"Bernhard Schenkel\" \/>\n<script type=\"application\/ld+json\" class=\"yoast-schema-graph\">{\"@context\":\"https:\\\/\\\/schema.org\",\"@graph\":[{\"@type\":\"Article\",\"@id\":\"https:\\\/\\\/www.fitshop.de\\\/blog\\\/2015\\\/04\\\/in-eigener-sache-sport-tiedje-uebernimmt-die-fitshop-gruppe-in-den-niederlanden#article\",\"isPartOf\":{\"@id\":\"https:\\\/\\\/www.fitshop.de\\\/blog\\\/2015\\\/04\\\/in-eigener-sache-sport-tiedje-uebernimmt-die-fitshop-gruppe-in-den-niederlanden\"},\"author\":{\"name\":\"Simon Eberhardt-Alten\",\"@id\":\"https:\\\/\\\/www.fitshop.de\\\/blog\\\/#\\\/schema\\\/person\\\/b0cf9baf2e0ef85980a64070fab308a1\"},\"headline\":\"In eigener Sache: Sport-Tiedje \u00fcbernimmt die Fitshop-Gruppe in den Niederlanden\",\"datePublished\":\"2015-04-17T13:55:10+00:00\",\"dateModified\":\"2020-12-02T12:56:20+00:00\",\"mainEntityOfPage\":{\"@id\":\"https:\\\/\\\/www.fitshop.de\\\/blog\\\/2015\\\/04\\\/in-eigener-sache-sport-tiedje-uebernimmt-die-fitshop-gruppe-in-den-niederlanden\"},\"wordCount\":385,\"commentCount\":0,\"publisher\":{\"@id\":\"https:\\\/\\\/www.fitshop.de\\\/blog\\\/#organization\"},\"image\":{\"@id\":\"https:\\\/\\\/www.fitshop.de\\\/blog\\\/2015\\\/04\\\/in-eigener-sache-sport-tiedje-uebernimmt-die-fitshop-gruppe-in-den-niederlanden#primaryimage\"},\"thumbnailUrl\":\"https:\\\/\\\/www.fitshop.de\\\/blog\\\/wp-content\\\/uploads\\\/2015\\\/04\\\/Logo_fitshop_glass1.jpg\",\"keywords\":[\"Sport-Tiedje Fitshop.nl\",\"Sport-Tiedje \u00fcbernimmt Fitshop\"],\"articleSection\":[\"Wir bei Fitshop\"],\"inLanguage\":\"de\",\"potentialAction\":[{\"@type\":\"CommentAction\",\"name\":\"Comment\",\"target\":[\"https:\\\/\\\/www.fitshop.de\\\/blog\\\/2015\\\/04\\\/in-eigener-sache-sport-tiedje-uebernimmt-die-fitshop-gruppe-in-den-niederlanden#respond\"]}]},{\"@type\":\"WebPage\",\"@id\":\"https:\\\/\\\/www.fitshop.de\\\/blog\\\/2015\\\/04\\\/in-eigener-sache-sport-tiedje-uebernimmt-die-fitshop-gruppe-in-den-niederlanden\",\"url\":\"https:\\\/\\\/www.fitshop.de\\\/blog\\\/2015\\\/04\\\/in-eigener-sache-sport-tiedje-uebernimmt-die-fitshop-gruppe-in-den-niederlanden\",\"name\":\"In eigener Sache: Sport-Tiedje \u00fcbernimmt die Fitshop-Gruppe in den Niederlanden - Fitshop - Das Fitness Blog\",\"isPartOf\":{\"@id\":\"https:\\\/\\\/www.fitshop.de\\\/blog\\\/#website\"},\"primaryImageOfPage\":{\"@id\":\"https:\\\/\\\/www.fitshop.de\\\/blog\\\/2015\\\/04\\\/in-eigener-sache-sport-tiedje-uebernimmt-die-fitshop-gruppe-in-den-niederlanden#primaryimage\"},\"image\":{\"@id\":\"https:\\\/\\\/www.fitshop.de\\\/blog\\\/2015\\\/04\\\/in-eigener-sache-sport-tiedje-uebernimmt-die-fitshop-gruppe-in-den-niederlanden#primaryimage\"},\"thumbnailUrl\":\"https:\\\/\\\/www.fitshop.de\\\/blog\\\/wp-content\\\/uploads\\\/2015\\\/04\\\/Logo_fitshop_glass1.jpg\",\"datePublished\":\"2015-04-17T13:55:10+00:00\",\"dateModified\":\"2020-12-02T12:56:20+00:00\",\"description\":\"In eigener Sache - Sport-Tiedje \u2705 Sport-Tiedje \u00fcbernimmt die Fitshop-Gruppe in den Niederlanden \u2705 Jetzt lesen!\",\"breadcrumb\":{\"@id\":\"https:\\\/\\\/www.fitshop.de\\\/blog\\\/2015\\\/04\\\/in-eigener-sache-sport-tiedje-uebernimmt-die-fitshop-gruppe-in-den-niederlanden#breadcrumb\"},\"inLanguage\":\"de\",\"potentialAction\":[{\"@type\":\"ReadAction\",\"target\":[\"https:\\\/\\\/www.fitshop.de\\\/blog\\\/2015\\\/04\\\/in-eigener-sache-sport-tiedje-uebernimmt-die-fitshop-gruppe-in-den-niederlanden\"]}]},{\"@type\":\"ImageObject\",\"inLanguage\":\"de\",\"@id\":\"https:\\\/\\\/www.fitshop.de\\\/blog\\\/2015\\\/04\\\/in-eigener-sache-sport-tiedje-uebernimmt-die-fitshop-gruppe-in-den-niederlanden#primaryimage\",\"url\":\"https:\\\/\\\/www.fitshop.de\\\/blog\\\/wp-content\\\/uploads\\\/2015\\\/04\\\/Logo_fitshop_glass1.jpg\",\"contentUrl\":\"https:\\\/\\\/www.fitshop.de\\\/blog\\\/wp-content\\\/uploads\\\/2015\\\/04\\\/Logo_fitshop_glass1.jpg\",\"width\":300,\"height\":300,\"caption\":\"Ab sofort Teil der Sport-Tiedje Gruppe: der niederl\u00e4ndische Fitshop\"},{\"@type\":\"BreadcrumbList\",\"@id\":\"https:\\\/\\\/www.fitshop.de\\\/blog\\\/2015\\\/04\\\/in-eigener-sache-sport-tiedje-uebernimmt-die-fitshop-gruppe-in-den-niederlanden#breadcrumb\",\"itemListElement\":[{\"@type\":\"ListItem\",\"position\":1,\"name\":\"Home\",\"item\":\"https:\\\/\\\/www.fitshop.de\\\/blog\"},{\"@type\":\"ListItem\",\"position\":2,\"name\":\"In eigener Sache: Sport-Tiedje \u00fcbernimmt die Fitshop-Gruppe in den Niederlanden\"}]},{\"@type\":\"WebSite\",\"@id\":\"https:\\\/\\\/www.fitshop.de\\\/blog\\\/#website\",\"url\":\"https:\\\/\\\/www.fitshop.de\\\/blog\\\/\",\"name\":\"Fitshop - Das Fitness Blog\",\"description\":\"\",\"publisher\":{\"@id\":\"https:\\\/\\\/www.fitshop.de\\\/blog\\\/#organization\"},\"potentialAction\":[{\"@type\":\"SearchAction\",\"target\":{\"@type\":\"EntryPoint\",\"urlTemplate\":\"https:\\\/\\\/www.fitshop.de\\\/blog\\\/?s={search_term_string}\"},\"query-input\":{\"@type\":\"PropertyValueSpecification\",\"valueRequired\":true,\"valueName\":\"search_term_string\"}}],\"inLanguage\":\"de\"},{\"@type\":\"Organization\",\"@id\":\"https:\\\/\\\/www.fitshop.de\\\/blog\\\/#organization\",\"name\":\"Fitshop\",\"url\":\"https:\\\/\\\/www.fitshop.de\\\/blog\\\/\",\"logo\":{\"@type\":\"ImageObject\",\"inLanguage\":\"de\",\"@id\":\"https:\\\/\\\/www.fitshop.de\\\/blog\\\/#\\\/schema\\\/logo\\\/image\\\/\",\"url\":\"https:\\\/\\\/www.fitshop.de\\\/blog\\\/wp-content\\\/uploads\\\/2024\\\/05\\\/logo-fitshop-blog.png\",\"contentUrl\":\"https:\\\/\\\/www.fitshop.de\\\/blog\\\/wp-content\\\/uploads\\\/2024\\\/05\\\/logo-fitshop-blog.png\",\"width\":696,\"height\":696,\"caption\":\"Fitshop\"},\"image\":{\"@id\":\"https:\\\/\\\/www.fitshop.de\\\/blog\\\/#\\\/schema\\\/logo\\\/image\\\/\"}},{\"@type\":\"Person\",\"@id\":\"https:\\\/\\\/www.fitshop.de\\\/blog\\\/#\\\/schema\\\/person\\\/b0cf9baf2e0ef85980a64070fab308a1\",\"name\":\"Simon Eberhardt-Alten\",\"image\":{\"@type\":\"ImageObject\",\"inLanguage\":\"de\",\"@id\":\"https:\\\/\\\/secure.gravatar.com\\\/avatar\\\/4b9e752e929620c429b81e911b8ca18d40a9731b41c18e501d1dfe2a8f5abcbc?s=96&d=mm&r=gb10ac1b38cb5cf55569e4b8028d3136a\",\"url\":\"https:\\\/\\\/secure.gravatar.com\\\/avatar\\\/4b9e752e929620c429b81e911b8ca18d40a9731b41c18e501d1dfe2a8f5abcbc?s=96&d=mm&r=g\",\"contentUrl\":\"https:\\\/\\\/secure.gravatar.com\\\/avatar\\\/4b9e752e929620c429b81e911b8ca18d40a9731b41c18e501d1dfe2a8f5abcbc?s=96&d=mm&r=g\",\"caption\":\"Simon Eberhardt-Alten\"},\"description\":\"Magister in Sportwissenschaft und Medizinischer Physiologie (Nebenfach)\",\"url\":\"https:\\\/\\\/www.fitshop.de\\\/blog\\\/author\\\/seb\"}]}<\/script>\n<!-- \/ Yoast SEO plugin. -->","yoast_head_json":{"title":"In eigener Sache: Sport-Tiedje \u00fcbernimmt die Fitshop-Gruppe in den Niederlanden - Fitshop - Das Fitness Blog","description":"In eigener Sache - Sport-Tiedje \u2705 Sport-Tiedje \u00fcbernimmt die Fitshop-Gruppe in den Niederlanden \u2705 Jetzt lesen!","robots":{"index":"index","follow":"follow","max-snippet":"max-snippet:-1","max-image-preview":"max-image-preview:large","max-video-preview":"max-video-preview:-1"},"canonical":"https:\/\/www.fitshop.de\/blog\/2015\/04\/in-eigener-sache-sport-tiedje-uebernimmt-die-fitshop-gruppe-in-den-niederlanden","og_locale":"de_DE","og_type":"article","og_title":"In eigener Sache: Sport-Tiedje \u00fcbernimmt die Fitshop-Gruppe in den Niederlanden - Fitshop - Das Fitness Blog","og_description":"In eigener Sache - Sport-Tiedje \u2705 Sport-Tiedje \u00fcbernimmt die Fitshop-Gruppe in den Niederlanden \u2705 Jetzt lesen!","og_url":"https:\/\/www.fitshop.de\/blog\/2015\/04\/in-eigener-sache-sport-tiedje-uebernimmt-die-fitshop-gruppe-in-den-niederlanden","og_site_name":"Fitshop - Das Fitness Blog","article_published_time":"2015-04-17T13:55:10+00:00","article_modified_time":"2020-12-02T12:56:20+00:00","og_image":[{"width":300,"height":300,"url":"https:\/\/www.fitshop.de\/blog\/wp-content\/uploads\/2015\/04\/Logo_fitshop_glass1.jpg","type":"image\/jpeg"}],"author":"Bernhard Schenkel","twitter_card":"summary_large_image","twitter_misc":{"Verfasst von":"Simon Eberhardt-Alten","Gesch\u00e4tzte Lesezeit":"2\u00a0Minuten","Written by":"Bernhard Schenkel"},"schema":{"@context":"https:\/\/schema.org","@graph":[{"@type":"Article","@id":"https:\/\/www.fitshop.de\/blog\/2015\/04\/in-eigener-sache-sport-tiedje-uebernimmt-die-fitshop-gruppe-in-den-niederlanden#article","isPartOf":{"@id":"https:\/\/www.fitshop.de\/blog\/2015\/04\/in-eigener-sache-sport-tiedje-uebernimmt-die-fitshop-gruppe-in-den-niederlanden"},"author":{"name":"Simon Eberhardt-Alten","@id":"https:\/\/www.fitshop.de\/blog\/#\/schema\/person\/b0cf9baf2e0ef85980a64070fab308a1"},"headline":"In eigener Sache: Sport-Tiedje \u00fcbernimmt die Fitshop-Gruppe in den Niederlanden","datePublished":"2015-04-17T13:55:10+00:00","dateModified":"2020-12-02T12:56:20+00:00","mainEntityOfPage":{"@id":"https:\/\/www.fitshop.de\/blog\/2015\/04\/in-eigener-sache-sport-tiedje-uebernimmt-die-fitshop-gruppe-in-den-niederlanden"},"wordCount":385,"commentCount":0,"publisher":{"@id":"https:\/\/www.fitshop.de\/blog\/#organization"},"image":{"@id":"https:\/\/www.fitshop.de\/blog\/2015\/04\/in-eigener-sache-sport-tiedje-uebernimmt-die-fitshop-gruppe-in-den-niederlanden#primaryimage"},"thumbnailUrl":"https:\/\/www.fitshop.de\/blog\/wp-content\/uploads\/2015\/04\/Logo_fitshop_glass1.jpg","keywords":["Sport-Tiedje Fitshop.nl","Sport-Tiedje \u00fcbernimmt Fitshop"],"articleSection":["Wir bei Fitshop"],"inLanguage":"de","potentialAction":[{"@type":"CommentAction","name":"Comment","target":["https:\/\/www.fitshop.de\/blog\/2015\/04\/in-eigener-sache-sport-tiedje-uebernimmt-die-fitshop-gruppe-in-den-niederlanden#respond"]}]},{"@type":"WebPage","@id":"https:\/\/www.fitshop.de\/blog\/2015\/04\/in-eigener-sache-sport-tiedje-uebernimmt-die-fitshop-gruppe-in-den-niederlanden","url":"https:\/\/www.fitshop.de\/blog\/2015\/04\/in-eigener-sache-sport-tiedje-uebernimmt-die-fitshop-gruppe-in-den-niederlanden","name":"In eigener Sache: Sport-Tiedje \u00fcbernimmt die Fitshop-Gruppe in den Niederlanden - Fitshop - Das Fitness Blog","isPartOf":{"@id":"https:\/\/www.fitshop.de\/blog\/#website"},"primaryImageOfPage":{"@id":"https:\/\/www.fitshop.de\/blog\/2015\/04\/in-eigener-sache-sport-tiedje-uebernimmt-die-fitshop-gruppe-in-den-niederlanden#primaryimage"},"image":{"@id":"https:\/\/www.fitshop.de\/blog\/2015\/04\/in-eigener-sache-sport-tiedje-uebernimmt-die-fitshop-gruppe-in-den-niederlanden#primaryimage"},"thumbnailUrl":"https:\/\/www.fitshop.de\/blog\/wp-content\/uploads\/2015\/04\/Logo_fitshop_glass1.jpg","datePublished":"2015-04-17T13:55:10+00:00","dateModified":"2020-12-02T12:56:20+00:00","description":"In eigener Sache - Sport-Tiedje \u2705 Sport-Tiedje \u00fcbernimmt die Fitshop-Gruppe in den Niederlanden \u2705 Jetzt lesen!","breadcrumb":{"@id":"https:\/\/www.fitshop.de\/blog\/2015\/04\/in-eigener-sache-sport-tiedje-uebernimmt-die-fitshop-gruppe-in-den-niederlanden#breadcrumb"},"inLanguage":"de","potentialAction":[{"@type":"ReadAction","target":["https:\/\/www.fitshop.de\/blog\/2015\/04\/in-eigener-sache-sport-tiedje-uebernimmt-die-fitshop-gruppe-in-den-niederlanden"]}]},{"@type":"ImageObject","inLanguage":"de","@id":"https:\/\/www.fitshop.de\/blog\/2015\/04\/in-eigener-sache-sport-tiedje-uebernimmt-die-fitshop-gruppe-in-den-niederlanden#primaryimage","url":"https:\/\/www.fitshop.de\/blog\/wp-content\/uploads\/2015\/04\/Logo_fitshop_glass1.jpg","contentUrl":"https:\/\/www.fitshop.de\/blog\/wp-content\/uploads\/2015\/04\/Logo_fitshop_glass1.jpg","width":300,"height":300,"caption":"Ab sofort Teil der Sport-Tiedje Gruppe: der niederl\u00e4ndische Fitshop"},{"@type":"BreadcrumbList","@id":"https:\/\/www.fitshop.de\/blog\/2015\/04\/in-eigener-sache-sport-tiedje-uebernimmt-die-fitshop-gruppe-in-den-niederlanden#breadcrumb","itemListElement":[{"@type":"ListItem","position":1,"name":"Home","item":"https:\/\/www.fitshop.de\/blog"},{"@type":"ListItem","position":2,"name":"In eigener Sache: Sport-Tiedje \u00fcbernimmt die Fitshop-Gruppe in den Niederlanden"}]},{"@type":"WebSite","@id":"https:\/\/www.fitshop.de\/blog\/#website","url":"https:\/\/www.fitshop.de\/blog\/","name":"Fitshop - Das Fitness Blog","description":"","publisher":{"@id":"https:\/\/www.fitshop.de\/blog\/#organization"},"potentialAction":[{"@type":"SearchAction","target":{"@type":"EntryPoint","urlTemplate":"https:\/\/www.fitshop.de\/blog\/?s={search_term_string}"},"query-input":{"@type":"PropertyValueSpecification","valueRequired":true,"valueName":"search_term_string"}}],"inLanguage":"de"},{"@type":"Organization","@id":"https:\/\/www.fitshop.de\/blog\/#organization","name":"Fitshop","url":"https:\/\/www.fitshop.de\/blog\/","logo":{"@type":"ImageObject","inLanguage":"de","@id":"https:\/\/www.fitshop.de\/blog\/#\/schema\/logo\/image\/","url":"https:\/\/www.fitshop.de\/blog\/wp-content\/uploads\/2024\/05\/logo-fitshop-blog.png","contentUrl":"https:\/\/www.fitshop.de\/blog\/wp-content\/uploads\/2024\/05\/logo-fitshop-blog.png","width":696,"height":696,"caption":"Fitshop"},"image":{"@id":"https:\/\/www.fitshop.de\/blog\/#\/schema\/logo\/image\/"}},{"@type":"Person","@id":"https:\/\/www.fitshop.de\/blog\/#\/schema\/person\/b0cf9baf2e0ef85980a64070fab308a1","name":"Simon Eberhardt-Alten","image":{"@type":"ImageObject","inLanguage":"de","@id":"https:\/\/secure.gravatar.com\/avatar\/4b9e752e929620c429b81e911b8ca18d40a9731b41c18e501d1dfe2a8f5abcbc?s=96&d=mm&r=gb10ac1b38cb5cf55569e4b8028d3136a","url":"https:\/\/secure.gravatar.com\/avatar\/4b9e752e929620c429b81e911b8ca18d40a9731b41c18e501d1dfe2a8f5abcbc?s=96&d=mm&r=g","contentUrl":"https:\/\/secure.gravatar.com\/avatar\/4b9e752e929620c429b81e911b8ca18d40a9731b41c18e501d1dfe2a8f5abcbc?s=96&d=mm&r=g","caption":"Simon Eberhardt-Alten"},"description":"Magister in Sportwissenschaft und Medizinischer Physiologie (Nebenfach)","url":"https:\/\/www.fitshop.de\/blog\/author\/seb"}]}},"_links":{"self":[{"href":"https:\/\/www.fitshop.de\/blog\/wp-json\/wp\/v2\/posts\/4223","targetHints":{"allow":["GET"]}}],"collection":[{"href":"https:\/\/www.fitshop.de\/blog\/wp-json\/wp\/v2\/posts"}],"about":[{"href":"https:\/\/www.fitshop.de\/blog\/wp-json\/wp\/v2\/types\/post"}],"author":[{"embeddable":true,"href":"https:\/\/www.fitshop.de\/blog\/wp-json\/wp\/v2\/users\/10"}],"replies":[{"embeddable":true,"href":"https:\/\/www.fitshop.de\/blog\/wp-json\/wp\/v2\/comments?post=4223"}],"version-history":[{"count":6,"href":"https:\/\/www.fitshop.de\/blog\/wp-json\/wp\/v2\/posts\/4223\/revisions"}],"predecessor-version":[{"id":16231,"href":"https:\/\/www.fitshop.de\/blog\/wp-json\/wp\/v2\/posts\/4223\/revisions\/16231"}],"wp:featuredmedia":[{"embeddable":true,"href":"https:\/\/www.fitshop.de\/blog\/wp-json\/wp\/v2\/media\/4256"}],"wp:attachment":[{"href":"https:\/\/www.fitshop.de\/blog\/wp-json\/wp\/v2\/media?parent=4223"}],"wp:term":[{"taxonomy":"category","embeddable":true,"href":"https:\/\/www.fitshop.de\/blog\/wp-json\/wp\/v2\/categories?post=4223"},{"taxonomy":"post_tag","embeddable":true,"href":"https:\/\/www.fitshop.de\/blog\/wp-json\/wp\/v2\/tags?post=4223"},{"taxonomy":"author","embeddable":true,"href":"https:\/\/www.fitshop.de\/blog\/wp-json\/wp\/v2\/coauthors?post=4223"}],"curies":[{"name":"wp","href":"https:\/\/api.w.org\/{rel}","templated":true}]}}