{"id":4169,"date":"2015-04-17T16:53:28","date_gmt":"2015-04-17T14:53:28","guid":{"rendered":"http:\/\/www.sport-tiedje.de\/blog\/?p=4169"},"modified":"2020-12-03T11:23:57","modified_gmt":"2020-12-03T10:23:57","slug":"gesundheitsmanagement-erfahrungen-mit-einem-firmeneigenen-fitnessraum","status":"publish","type":"post","link":"https:\/\/www.fitshop.de\/blog\/2015\/04\/gesundheitsmanagement-erfahrungen-mit-einem-firmeneigenen-fitnessraum","title":{"rendered":"Gesundheitsmanagement: Erfahrungen mit einem firmeneigenen Fitnessraum"},"content":{"rendered":"<p>Vor zwei Jahren haben die Stadtwerke Schleswig, als gro\u00dfer regionaler Arbeitgeber, einen Fitness-Raum f\u00fcr Ihre Mitarbeiter angeschafft. Das Know-how zur Einrichtung eines firmeneigenen Fitness-Raums und die Ger\u00e4te kamen nat\u00fcrlich von Sport-Tiedje. Wir haben die Stadtwerke besucht und nachgefragt, ob der Raum heute nach zwei Jahren Erfahrung wieder genauso aussehen w\u00fcrde.<\/p>\n<p>Unser Gespr\u00e4chspartner ist Tino L\u00f6ffler von den Stadtwerken Schleswig, der seit der Einrichtung des Fitness-Raums zu den regelm\u00e4\u00dfigen Nutzern geh\u00f6rt.<br \/>\nIm Interview mit unserem Kollegen Simon vom Sport-Tiedje Fitness Blog erl\u00e4utert er, welche Erfahrungen die Stadtwerke Schleswig in den ersten zwei Jahren mit eigenem Fitness-Raum gemacht haben.<!--more--><\/p>\n<h3>Warum ein firmeneigener Fitnessraum?<\/h3>\n<p><strong>Sport-Tiedje:<\/strong> Warum haben die Stadtwerke Schleswig damals beschlossen, einen Fitnessraum einzurichten?<\/p>\n<p><strong>Tino L\u00f6ffler:<\/strong> Der Raum wurde als Ma\u00dfnahme des betrieblichen Gesundheitsmanagements, also zur Gesundheitsf\u00fcrsorge f\u00fcr alle Mitarbeiter der Stadtwerke Schleswig eingerichtet.<\/p>\n<p><strong>Sport-Tiedje:<\/strong> Welche Effekte haben sich die Stadtwerke Schleswig als Arbeitgeber durch die Einrichtung des Raums erhofft?<\/p>\n<p><strong>Tino L\u00f6ffler:<\/strong> Neben der M\u00f6glichkeit f\u00fcr die Mitarbeiter, sich sportlich zu bet\u00e4tigen, ist ein firmeneigener Fitnessraum auch ein gutes Argument im Werben um neue Mitarbeiter. Der Effekt, den der Raum auf die Gesundheit der Mitarbeiter hat, l\u00e4sst sich aber leider nur sehr schwer messen.<\/p>\n<h3>Wie wird der Fitnessraum von den Mitarbeitern angenommen?<\/h3>\n<div id=\"attachment_4173\" style=\"width: 310px\" class=\"wp-caption alignright\"><a href=\"https:\/\/www.fitshop.de\/blog\/wp-content\/uploads\/2015\/04\/OMD2850.jpg\" rel=\"lightbox[4169]\" data-wpel-link=\"internal\"><img loading=\"lazy\" decoding=\"async\" aria-describedby=\"caption-attachment-4173\" class=\"wp-image-4173 size-medium\" src=\"https:\/\/www.fitshop.de\/blog\/wp-content\/uploads\/2015\/04\/OMD2850-300x199.jpg\" alt=\"_OMD2850\" width=\"300\" height=\"199\" srcset=\"https:\/\/www.fitshop.de\/blog\/wp-content\/uploads\/2015\/04\/OMD2850-300x199.jpg 300w, https:\/\/www.fitshop.de\/blog\/wp-content\/uploads\/2015\/04\/OMD2850.jpg 1024w, https:\/\/www.fitshop.de\/blog\/wp-content\/uploads\/2015\/04\/OMD2850-624x413.jpg 624w\" sizes=\"auto, (max-width: 300px) 100vw, 300px\" \/><\/a><p id=\"caption-attachment-4173\" class=\"wp-caption-text\">Beim Training blicken die Mitarbeiter in den Raum hinein &#8211; das f\u00f6rdert die Kommunikation<\/p><\/div>\n<p><strong>Sport-Tiedje:<\/strong> Wie wurde der Fitnessraum seit seiner Er\u00f6ffnung angenommen?<\/p>\n<p><strong>Tino L\u00f6ffler:<\/strong> Das ist etwas von der Saison abh\u00e4ngig. Im Winter ist der Raum deutlich st\u00e4rker ausgelastet als im Sommer. Als der Raum er\u00f6ffnet wurde, war der Andrang sehr gro\u00df. Jetzt gibt es eine konstante Anzahl an Nutzern. Mitarbeiter, die k\u00f6rperlich arbeiten, nutzen den Raum im Verh\u00e4ltnis weniger.<\/p>\n<p><strong>Sport-Tiedje:<\/strong> Wie oft wird der Fitnessraum genutzt?<\/p>\n<p><strong>Tino L\u00f6ffler:<\/strong> Der Raum ist t\u00e4glich in Benutzung. Es gibt eigentlich keinen Tag, an dem der Raum nicht genutzt wird.<\/p>\n<p><strong>Sport-Tiedje:<\/strong> Wie sind die \u00d6ffnungszeiten des Raums?<\/p>\n<p><strong>Tino L\u00f6ffler:<\/strong> Der Raum ist von Montag bis Freitag von 6 &#8211; 21 Uhr ge\u00f6ffnet.<\/p>\n<p><strong>Sport-Tiedje:<\/strong> Zu welchen Zeiten wird der Raum haupts\u00e4chlich genutzt?<\/p>\n<p><strong>Tino L\u00f6ffler:<\/strong> Die meisten Nutzer trainieren nach Feierabend zwischen 16 und 18 Uhr.<\/p>\n<p><strong>Sport-Tiedje:<\/strong> Wie hat sich die Nutzung in den letzten zwei Jahren ver\u00e4ndert?<\/p>\n<p><strong>Tino L\u00f6ffler:<\/strong> Zu Beginn war die Anzahl der Nutzer, wie gesagt, sehr hoch. Mittlerweile wird der Raum von etwa 20 Mitarbeitern regelm\u00e4\u00dfig genutzt.<br \/>\nEs kommen aber auch regelm\u00e4\u00dfig Nutzer dazu, die z.B. auf Empfehlung ihres Arztes mit dem Fitnesstraining beginnen.<\/p>\n<p><strong>Sport-Tiedje:<\/strong> Wie viele Mitarbeiter arbeiten an Ihrem Standort?<\/p>\n<p><strong>Tino L\u00f6ffler:<\/strong> Insgesamt arbeiten hier ca. 200 Personen. Ungef\u00e4hr die H\u00e4lfte davon \u00fcbt eine T\u00e4tigkeit am Schreibtisch aus. Davon besuchen ca. 20 sehr regelm\u00e4\u00dfig den Raum.<\/p>\n<p><strong>Sport-Tiedje:<\/strong> Zu welchen Anteilen sind die Nutzer m\u00e4nnlich bzw. weiblich?<\/p>\n<p><strong>Tino L\u00f6ffler:<\/strong> Die Nutzer sind zu 90% m\u00e4nnlich.<\/p>\n<h3>Die optimale Ger\u00e4tezusammenstellung<\/h3>\n<div id=\"attachment_4177\" style=\"width: 310px\" class=\"wp-caption alignright\"><a href=\"https:\/\/www.fitshop.de\/blog\/wp-content\/uploads\/2015\/04\/OMD28511.jpg\" rel=\"lightbox[4169]\" data-wpel-link=\"internal\"><img loading=\"lazy\" decoding=\"async\" aria-describedby=\"caption-attachment-4177\" class=\"wp-image-4177 size-medium\" src=\"https:\/\/www.fitshop.de\/blog\/wp-content\/uploads\/2015\/04\/OMD28511-300x199.jpg\" alt=\"_OMD2851\" width=\"300\" height=\"199\" srcset=\"https:\/\/www.fitshop.de\/blog\/wp-content\/uploads\/2015\/04\/OMD28511-300x199.jpg 300w, https:\/\/www.fitshop.de\/blog\/wp-content\/uploads\/2015\/04\/OMD28511.jpg 1024w, https:\/\/www.fitshop.de\/blog\/wp-content\/uploads\/2015\/04\/OMD28511-624x413.jpg 624w\" sizes=\"auto, (max-width: 300px) 100vw, 300px\" \/><\/a><p id=\"caption-attachment-4177\" class=\"wp-caption-text\">Die richtige Mischung aus Kraft- und Ausdauertrainingsger\u00e4ten ist wichtig<\/p><\/div>\n<p><strong>Sport-Tiedje:<\/strong> Entspricht der Raum mit der aktuellen Ger\u00e4tezusammensetzung immer noch den W\u00fcnschen der Nutzer?<\/p>\n<p><strong>Tino L\u00f6ffler:<\/strong> Bis auf die Indoor-Cycles und die <a href=\"https:\/\/www.fitshop.de\/vibrationsplatte\" data-wpel-link=\"external\" target=\"_blank\" rel=\"external noopener noreferrer\">Vibrationsplatte<\/a> sind alle Ger\u00e4te regelm\u00e4\u00dfig in Benutzung. Die Indoor-Cycles w\u00fcrde ich heute gegen ein weiteres <a href=\"https:\/\/www.fitshop.de\/laufband\" data-wpel-link=\"external\" target=\"_blank\" rel=\"external noopener noreferrer\">Laufband<\/a> und ein zus\u00e4tzliches Liegefahrrad tauschen.<\/p>\n<p><strong>Sport-Tiedje:<\/strong> Welche Ger\u00e4te werden am h\u00e4ufigsten und intensivsten genutzt?<\/p>\n<p><strong>Tino L\u00f6ffler:<\/strong> Die Ausdauertrainingsger\u00e4te sind am beliebtesten. <a href=\"https:\/\/www.fitshop.de\/crosstrainer\" data-wpel-link=\"external\" target=\"_blank\" rel=\"external noopener noreferrer\">Crosstrainer<\/a> und Laufband sind immer in Benutzung. Auch das <a href=\"https:\/\/www.fitshop.de\/rudergeraet\" data-wpel-link=\"external\" target=\"_blank\" rel=\"external noopener noreferrer\">Ruderger\u00e4t<\/a> wird sehr intensiv benutzt.<\/p>\n<p><strong>Sport-Tiedje:<\/strong> Welche Ger\u00e4te werden nie oder fast nie genutzt?<\/p>\n<p><strong>Tino L\u00f6ffler:<\/strong> Indoor-Cycles und Vibrationsplatte geh\u00f6ren zu den kaum genutzten Ger\u00e4ten.<\/p>\n<h3>Der Trainingsbetrieb<\/h3>\n<p><strong>Sport-Tiedje:<\/strong> Wie werden neue Nutzer auf das Training vorbereitet? Gibt es eine Trainingseinf\u00fchrung?<\/p>\n<p><strong>Tino L\u00f6ffler:<\/strong> Die Einf\u00fchrung neuer Interessenten findet durch Mitarbeiter statt. W\u00e4hrend des Trainings hilft man sich nat\u00fcrlich auch gegenseitig.<\/p>\n<p><strong>Sport-Tiedje:<\/strong> Werden die Nutzer beim Training betreut oder trainieren sie eigenst\u00e4ndig?<\/p>\n<p><strong>Tino L\u00f6ffler:<\/strong> Bei uns trainieren alle selbstst\u00e4ndig. Die meisten Nutzer des Fitness-Raums bringen auch schon Erfahrungen aus Fitness-Studios mit.<\/p>\n<p><strong>Sport-Tiedje:<\/strong> Gibt es ein Sportangebot, das \u00fcber den Fitnessraum hinaus geht?<\/p>\n<p><strong>Tino L\u00f6ffler:<\/strong> Es gibt einen R\u00fcckenschulkurs, der auch immer ausgebucht ist. Im Sommer treffen sich h\u00e4ufig Mitarbeiter zum Fu\u00dfballspielen und Joggen.<\/p>\n<h3>Empfehlungen f\u00fcr andere Firmen<\/h3>\n<div id=\"attachment_4172\" style=\"width: 310px\" class=\"wp-caption alignright\"><a href=\"https:\/\/www.fitshop.de\/blog\/wp-content\/uploads\/2015\/04\/Blog.jpg\" rel=\"lightbox[4169]\" data-wpel-link=\"internal\"><img loading=\"lazy\" decoding=\"async\" aria-describedby=\"caption-attachment-4172\" class=\"wp-image-4172 size-medium\" src=\"https:\/\/www.fitshop.de\/blog\/wp-content\/uploads\/2015\/04\/Blog-300x221.jpg\" alt=\"Blog\" width=\"300\" height=\"221\" srcset=\"https:\/\/www.fitshop.de\/blog\/wp-content\/uploads\/2015\/04\/Blog-300x221.jpg 300w, https:\/\/www.fitshop.de\/blog\/wp-content\/uploads\/2015\/04\/Blog.jpg 600w\" sizes=\"auto, (max-width: 300px) 100vw, 300px\" \/><\/a><p id=\"caption-attachment-4172\" class=\"wp-caption-text\">Tino L\u00f6ffler im Fitnessraum der Schleswiger Stadtwerke<\/p><\/div>\n<p><strong>Sport-Tiedje:<\/strong> Was w\u00fcrden Sie Vertretern anderer Firmen raten, wenn es um die Anschaffung eines firmeneigenen Fitnessraums f\u00fcr die Mitarbeiter geht?<\/p>\n<p><strong>Tino L\u00f6ffler:<\/strong> Es macht Sinn vor der Anschaffung eines Fitness-Raums die Mitarbeiter nach ihren W\u00fcnschen f\u00fcr die Ger\u00e4tezusammensetzung zu fragen. Dadurch l\u00e4sst sich der Ger\u00e4tebedarf ermitteln. Auch wenn die Anschaffung eines Fitness-Raums nur schwer messbare Effekte bewirkt und sich die Investition auf dem Papier nicht zu rechnen scheint, macht es meiner Meinung nach trotzdem Sinn. Die Mitarbeiter, die bei uns den Fitness-Raum nutzen, scheinen insgesamt zufriedener zu sein.<\/p>\n<p>Vielen Dank f\u00fcr das Gespr\u00e4ch!<\/p>\n<p>PS: Wie ein <a href=\"https:\/\/www.fitshop.de\/blog\/2016\/11\/eigener-fitnessraum\" data-wpel-link=\"internal\">eigener Fitnessraum f\u00fcr das Krafttraining<\/a> zu Hause aussehen kann, erkl\u00e4ren wir Euch hinter dem Link.<\/p>\n","protected":false},"excerpt":{"rendered":"<p>Vor zwei Jahren haben die Stadtwerke Schleswig, als gro\u00dfer regionaler Arbeitgeber, einen Fitness-Raum f\u00fcr Ihre Mitarbeiter angeschafft. Das Know-how zur Einrichtung eines firmeneigenen Fitness-Raums und die Ger\u00e4te kamen nat\u00fcrlich von Sport-Tiedje. Wir haben die Stadtwerke besucht und nachgefragt, ob der Raum heute nach zwei Jahren Erfahrung wieder genauso aussehen w\u00fcrde. Unser Gespr\u00e4chspartner ist Tino L\u00f6ffler [&hellip;]<\/p>\n","protected":false},"author":10,"featured_media":4176,"comment_status":"open","ping_status":"open","sticky":false,"template":"","format":"standard","meta":{"footnotes":""},"categories":[1,2],"tags":[468,466,467],"coauthors":[339],"class_list":["post-4169","post","type-post","status-publish","format-standard","has-post-thumbnail","hentry","category-allgemein","category-trainingsraum","tag-betriebliches-gesundheitsmanagement-erfahrungen","tag-erfahrungen-firmeneigener-fitnessraum","tag-firmenfitness-erfahrungsbericht"],"yoast_head":"<!-- This site is optimized with the Yoast SEO plugin v27.5 - https:\/\/yoast.com\/product\/yoast-seo-wordpress\/ -->\n<title>Gesundheitsmanagement: Erfahrungen mit einem firmeneigenen Fitnessraum - Fitshop - Das Fitness Blog<\/title>\n<meta name=\"description\" content=\"Gesundheitsmanagement - Sport-Tiedje \u2705 Erfahrungen mit einem firmeneigenen Fitnessraum \u2705 Jetzt lesen!\" \/>\n<meta name=\"robots\" content=\"index, follow, max-snippet:-1, max-image-preview:large, max-video-preview:-1\" \/>\n<link rel=\"canonical\" href=\"https:\/\/www.fitshop.de\/blog\/2015\/04\/gesundheitsmanagement-erfahrungen-mit-einem-firmeneigenen-fitnessraum\" \/>\n<meta property=\"og:locale\" content=\"de_DE\" \/>\n<meta property=\"og:type\" content=\"article\" \/>\n<meta property=\"og:title\" content=\"Gesundheitsmanagement: Erfahrungen mit einem firmeneigenen Fitnessraum - Fitshop - Das Fitness Blog\" \/>\n<meta property=\"og:description\" content=\"Gesundheitsmanagement - Sport-Tiedje \u2705 Erfahrungen mit einem firmeneigenen Fitnessraum \u2705 Jetzt lesen!\" \/>\n<meta property=\"og:url\" content=\"https:\/\/www.fitshop.de\/blog\/2015\/04\/gesundheitsmanagement-erfahrungen-mit-einem-firmeneigenen-fitnessraum\" \/>\n<meta property=\"og:site_name\" content=\"Fitshop - Das Fitness Blog\" \/>\n<meta property=\"article:published_time\" content=\"2015-04-17T14:53:28+00:00\" \/>\n<meta property=\"article:modified_time\" content=\"2020-12-03T10:23:57+00:00\" \/>\n<meta property=\"og:image\" content=\"https:\/\/www.fitshop.de\/blog\/wp-content\/uploads\/2015\/04\/cover.jpg\" \/>\n\t<meta property=\"og:image:width\" content=\"600\" \/>\n\t<meta property=\"og:image:height\" content=\"368\" \/>\n\t<meta property=\"og:image:type\" content=\"image\/jpeg\" \/>\n<meta name=\"author\" content=\"Simon Eberhardt-Alten\" \/>\n<meta name=\"twitter:card\" content=\"summary_large_image\" \/>\n<meta name=\"twitter:label1\" content=\"Verfasst von\" \/>\n\t<meta name=\"twitter:data1\" content=\"Simon Eberhardt-Alten\" \/>\n\t<meta name=\"twitter:label2\" content=\"Gesch\u00e4tzte Lesezeit\" \/>\n\t<meta name=\"twitter:data2\" content=\"4\u00a0Minuten\" \/>\n\t<meta name=\"twitter:label3\" content=\"Written by\" \/>\n\t<meta name=\"twitter:data3\" content=\"Simon Eberhardt-Alten\" \/>\n<script type=\"application\/ld+json\" class=\"yoast-schema-graph\">{\"@context\":\"https:\\\/\\\/schema.org\",\"@graph\":[{\"@type\":\"Article\",\"@id\":\"https:\\\/\\\/www.fitshop.de\\\/blog\\\/2015\\\/04\\\/gesundheitsmanagement-erfahrungen-mit-einem-firmeneigenen-fitnessraum#article\",\"isPartOf\":{\"@id\":\"https:\\\/\\\/www.fitshop.de\\\/blog\\\/2015\\\/04\\\/gesundheitsmanagement-erfahrungen-mit-einem-firmeneigenen-fitnessraum\"},\"author\":{\"name\":\"Simon Eberhardt-Alten\",\"@id\":\"https:\\\/\\\/www.fitshop.de\\\/blog\\\/#\\\/schema\\\/person\\\/b0cf9baf2e0ef85980a64070fab308a1\"},\"headline\":\"Gesundheitsmanagement: Erfahrungen mit einem firmeneigenen Fitnessraum\",\"datePublished\":\"2015-04-17T14:53:28+00:00\",\"dateModified\":\"2020-12-03T10:23:57+00:00\",\"mainEntityOfPage\":{\"@id\":\"https:\\\/\\\/www.fitshop.de\\\/blog\\\/2015\\\/04\\\/gesundheitsmanagement-erfahrungen-mit-einem-firmeneigenen-fitnessraum\"},\"wordCount\":878,\"commentCount\":0,\"publisher\":{\"@id\":\"https:\\\/\\\/www.fitshop.de\\\/blog\\\/#organization\"},\"image\":{\"@id\":\"https:\\\/\\\/www.fitshop.de\\\/blog\\\/2015\\\/04\\\/gesundheitsmanagement-erfahrungen-mit-einem-firmeneigenen-fitnessraum#primaryimage\"},\"thumbnailUrl\":\"https:\\\/\\\/www.fitshop.de\\\/blog\\\/wp-content\\\/uploads\\\/2015\\\/04\\\/cover.jpg\",\"keywords\":[\"Betriebliches Gesundheitsmanagement Erfahrungen\",\"Erfahrungen firmeneigener Fitnessraum\",\"Firmenfitness Erfahrungsbericht\"],\"articleSection\":{\"1\":\"Trainingsraum\"},\"inLanguage\":\"de\",\"potentialAction\":[{\"@type\":\"CommentAction\",\"name\":\"Comment\",\"target\":[\"https:\\\/\\\/www.fitshop.de\\\/blog\\\/2015\\\/04\\\/gesundheitsmanagement-erfahrungen-mit-einem-firmeneigenen-fitnessraum#respond\"]}]},{\"@type\":\"WebPage\",\"@id\":\"https:\\\/\\\/www.fitshop.de\\\/blog\\\/2015\\\/04\\\/gesundheitsmanagement-erfahrungen-mit-einem-firmeneigenen-fitnessraum\",\"url\":\"https:\\\/\\\/www.fitshop.de\\\/blog\\\/2015\\\/04\\\/gesundheitsmanagement-erfahrungen-mit-einem-firmeneigenen-fitnessraum\",\"name\":\"Gesundheitsmanagement: Erfahrungen mit einem firmeneigenen Fitnessraum - Fitshop - Das Fitness Blog\",\"isPartOf\":{\"@id\":\"https:\\\/\\\/www.fitshop.de\\\/blog\\\/#website\"},\"primaryImageOfPage\":{\"@id\":\"https:\\\/\\\/www.fitshop.de\\\/blog\\\/2015\\\/04\\\/gesundheitsmanagement-erfahrungen-mit-einem-firmeneigenen-fitnessraum#primaryimage\"},\"image\":{\"@id\":\"https:\\\/\\\/www.fitshop.de\\\/blog\\\/2015\\\/04\\\/gesundheitsmanagement-erfahrungen-mit-einem-firmeneigenen-fitnessraum#primaryimage\"},\"thumbnailUrl\":\"https:\\\/\\\/www.fitshop.de\\\/blog\\\/wp-content\\\/uploads\\\/2015\\\/04\\\/cover.jpg\",\"datePublished\":\"2015-04-17T14:53:28+00:00\",\"dateModified\":\"2020-12-03T10:23:57+00:00\",\"description\":\"Gesundheitsmanagement - Sport-Tiedje \u2705 Erfahrungen mit einem firmeneigenen Fitnessraum \u2705 Jetzt lesen!\",\"breadcrumb\":{\"@id\":\"https:\\\/\\\/www.fitshop.de\\\/blog\\\/2015\\\/04\\\/gesundheitsmanagement-erfahrungen-mit-einem-firmeneigenen-fitnessraum#breadcrumb\"},\"inLanguage\":\"de\",\"potentialAction\":[{\"@type\":\"ReadAction\",\"target\":[\"https:\\\/\\\/www.fitshop.de\\\/blog\\\/2015\\\/04\\\/gesundheitsmanagement-erfahrungen-mit-einem-firmeneigenen-fitnessraum\"]}]},{\"@type\":\"ImageObject\",\"inLanguage\":\"de\",\"@id\":\"https:\\\/\\\/www.fitshop.de\\\/blog\\\/2015\\\/04\\\/gesundheitsmanagement-erfahrungen-mit-einem-firmeneigenen-fitnessraum#primaryimage\",\"url\":\"https:\\\/\\\/www.fitshop.de\\\/blog\\\/wp-content\\\/uploads\\\/2015\\\/04\\\/cover.jpg\",\"contentUrl\":\"https:\\\/\\\/www.fitshop.de\\\/blog\\\/wp-content\\\/uploads\\\/2015\\\/04\\\/cover.jpg\",\"width\":600,\"height\":368},{\"@type\":\"BreadcrumbList\",\"@id\":\"https:\\\/\\\/www.fitshop.de\\\/blog\\\/2015\\\/04\\\/gesundheitsmanagement-erfahrungen-mit-einem-firmeneigenen-fitnessraum#breadcrumb\",\"itemListElement\":[{\"@type\":\"ListItem\",\"position\":1,\"name\":\"Home\",\"item\":\"https:\\\/\\\/www.fitshop.de\\\/blog\"},{\"@type\":\"ListItem\",\"position\":2,\"name\":\"Gesundheitsmanagement: Erfahrungen mit einem firmeneigenen Fitnessraum\"}]},{\"@type\":\"WebSite\",\"@id\":\"https:\\\/\\\/www.fitshop.de\\\/blog\\\/#website\",\"url\":\"https:\\\/\\\/www.fitshop.de\\\/blog\\\/\",\"name\":\"Fitshop - Das Fitness Blog\",\"description\":\"\",\"publisher\":{\"@id\":\"https:\\\/\\\/www.fitshop.de\\\/blog\\\/#organization\"},\"potentialAction\":[{\"@type\":\"SearchAction\",\"target\":{\"@type\":\"EntryPoint\",\"urlTemplate\":\"https:\\\/\\\/www.fitshop.de\\\/blog\\\/?s={search_term_string}\"},\"query-input\":{\"@type\":\"PropertyValueSpecification\",\"valueRequired\":true,\"valueName\":\"search_term_string\"}}],\"inLanguage\":\"de\"},{\"@type\":\"Organization\",\"@id\":\"https:\\\/\\\/www.fitshop.de\\\/blog\\\/#organization\",\"name\":\"Fitshop\",\"url\":\"https:\\\/\\\/www.fitshop.de\\\/blog\\\/\",\"logo\":{\"@type\":\"ImageObject\",\"inLanguage\":\"de\",\"@id\":\"https:\\\/\\\/www.fitshop.de\\\/blog\\\/#\\\/schema\\\/logo\\\/image\\\/\",\"url\":\"https:\\\/\\\/www.fitshop.de\\\/blog\\\/wp-content\\\/uploads\\\/2024\\\/05\\\/logo-fitshop-blog.png\",\"contentUrl\":\"https:\\\/\\\/www.fitshop.de\\\/blog\\\/wp-content\\\/uploads\\\/2024\\\/05\\\/logo-fitshop-blog.png\",\"width\":696,\"height\":696,\"caption\":\"Fitshop\"},\"image\":{\"@id\":\"https:\\\/\\\/www.fitshop.de\\\/blog\\\/#\\\/schema\\\/logo\\\/image\\\/\"}},{\"@type\":\"Person\",\"@id\":\"https:\\\/\\\/www.fitshop.de\\\/blog\\\/#\\\/schema\\\/person\\\/b0cf9baf2e0ef85980a64070fab308a1\",\"name\":\"Simon Eberhardt-Alten\",\"image\":{\"@type\":\"ImageObject\",\"inLanguage\":\"de\",\"@id\":\"https:\\\/\\\/secure.gravatar.com\\\/avatar\\\/4b9e752e929620c429b81e911b8ca18d40a9731b41c18e501d1dfe2a8f5abcbc?s=96&d=mm&r=gb10ac1b38cb5cf55569e4b8028d3136a\",\"url\":\"https:\\\/\\\/secure.gravatar.com\\\/avatar\\\/4b9e752e929620c429b81e911b8ca18d40a9731b41c18e501d1dfe2a8f5abcbc?s=96&d=mm&r=g\",\"contentUrl\":\"https:\\\/\\\/secure.gravatar.com\\\/avatar\\\/4b9e752e929620c429b81e911b8ca18d40a9731b41c18e501d1dfe2a8f5abcbc?s=96&d=mm&r=g\",\"caption\":\"Simon Eberhardt-Alten\"},\"description\":\"Magister in Sportwissenschaft und Medizinischer Physiologie (Nebenfach)\",\"url\":\"https:\\\/\\\/www.fitshop.de\\\/blog\\\/author\\\/seb\"}]}<\/script>\n<!-- \/ Yoast SEO plugin. -->","yoast_head_json":{"title":"Gesundheitsmanagement: Erfahrungen mit einem firmeneigenen Fitnessraum - Fitshop - Das Fitness Blog","description":"Gesundheitsmanagement - Sport-Tiedje \u2705 Erfahrungen mit einem firmeneigenen Fitnessraum \u2705 Jetzt lesen!","robots":{"index":"index","follow":"follow","max-snippet":"max-snippet:-1","max-image-preview":"max-image-preview:large","max-video-preview":"max-video-preview:-1"},"canonical":"https:\/\/www.fitshop.de\/blog\/2015\/04\/gesundheitsmanagement-erfahrungen-mit-einem-firmeneigenen-fitnessraum","og_locale":"de_DE","og_type":"article","og_title":"Gesundheitsmanagement: Erfahrungen mit einem firmeneigenen Fitnessraum - Fitshop - Das Fitness Blog","og_description":"Gesundheitsmanagement - Sport-Tiedje \u2705 Erfahrungen mit einem firmeneigenen Fitnessraum \u2705 Jetzt lesen!","og_url":"https:\/\/www.fitshop.de\/blog\/2015\/04\/gesundheitsmanagement-erfahrungen-mit-einem-firmeneigenen-fitnessraum","og_site_name":"Fitshop - Das Fitness Blog","article_published_time":"2015-04-17T14:53:28+00:00","article_modified_time":"2020-12-03T10:23:57+00:00","og_image":[{"width":600,"height":368,"url":"https:\/\/www.fitshop.de\/blog\/wp-content\/uploads\/2015\/04\/cover.jpg","type":"image\/jpeg"}],"author":"Simon Eberhardt-Alten","twitter_card":"summary_large_image","twitter_misc":{"Verfasst von":"Simon Eberhardt-Alten","Gesch\u00e4tzte Lesezeit":"4\u00a0Minuten","Written by":"Simon Eberhardt-Alten"},"schema":{"@context":"https:\/\/schema.org","@graph":[{"@type":"Article","@id":"https:\/\/www.fitshop.de\/blog\/2015\/04\/gesundheitsmanagement-erfahrungen-mit-einem-firmeneigenen-fitnessraum#article","isPartOf":{"@id":"https:\/\/www.fitshop.de\/blog\/2015\/04\/gesundheitsmanagement-erfahrungen-mit-einem-firmeneigenen-fitnessraum"},"author":{"name":"Simon Eberhardt-Alten","@id":"https:\/\/www.fitshop.de\/blog\/#\/schema\/person\/b0cf9baf2e0ef85980a64070fab308a1"},"headline":"Gesundheitsmanagement: Erfahrungen mit einem firmeneigenen Fitnessraum","datePublished":"2015-04-17T14:53:28+00:00","dateModified":"2020-12-03T10:23:57+00:00","mainEntityOfPage":{"@id":"https:\/\/www.fitshop.de\/blog\/2015\/04\/gesundheitsmanagement-erfahrungen-mit-einem-firmeneigenen-fitnessraum"},"wordCount":878,"commentCount":0,"publisher":{"@id":"https:\/\/www.fitshop.de\/blog\/#organization"},"image":{"@id":"https:\/\/www.fitshop.de\/blog\/2015\/04\/gesundheitsmanagement-erfahrungen-mit-einem-firmeneigenen-fitnessraum#primaryimage"},"thumbnailUrl":"https:\/\/www.fitshop.de\/blog\/wp-content\/uploads\/2015\/04\/cover.jpg","keywords":["Betriebliches Gesundheitsmanagement Erfahrungen","Erfahrungen firmeneigener Fitnessraum","Firmenfitness Erfahrungsbericht"],"articleSection":{"1":"Trainingsraum"},"inLanguage":"de","potentialAction":[{"@type":"CommentAction","name":"Comment","target":["https:\/\/www.fitshop.de\/blog\/2015\/04\/gesundheitsmanagement-erfahrungen-mit-einem-firmeneigenen-fitnessraum#respond"]}]},{"@type":"WebPage","@id":"https:\/\/www.fitshop.de\/blog\/2015\/04\/gesundheitsmanagement-erfahrungen-mit-einem-firmeneigenen-fitnessraum","url":"https:\/\/www.fitshop.de\/blog\/2015\/04\/gesundheitsmanagement-erfahrungen-mit-einem-firmeneigenen-fitnessraum","name":"Gesundheitsmanagement: Erfahrungen mit einem firmeneigenen Fitnessraum - Fitshop - Das Fitness Blog","isPartOf":{"@id":"https:\/\/www.fitshop.de\/blog\/#website"},"primaryImageOfPage":{"@id":"https:\/\/www.fitshop.de\/blog\/2015\/04\/gesundheitsmanagement-erfahrungen-mit-einem-firmeneigenen-fitnessraum#primaryimage"},"image":{"@id":"https:\/\/www.fitshop.de\/blog\/2015\/04\/gesundheitsmanagement-erfahrungen-mit-einem-firmeneigenen-fitnessraum#primaryimage"},"thumbnailUrl":"https:\/\/www.fitshop.de\/blog\/wp-content\/uploads\/2015\/04\/cover.jpg","datePublished":"2015-04-17T14:53:28+00:00","dateModified":"2020-12-03T10:23:57+00:00","description":"Gesundheitsmanagement - Sport-Tiedje \u2705 Erfahrungen mit einem firmeneigenen Fitnessraum \u2705 Jetzt lesen!","breadcrumb":{"@id":"https:\/\/www.fitshop.de\/blog\/2015\/04\/gesundheitsmanagement-erfahrungen-mit-einem-firmeneigenen-fitnessraum#breadcrumb"},"inLanguage":"de","potentialAction":[{"@type":"ReadAction","target":["https:\/\/www.fitshop.de\/blog\/2015\/04\/gesundheitsmanagement-erfahrungen-mit-einem-firmeneigenen-fitnessraum"]}]},{"@type":"ImageObject","inLanguage":"de","@id":"https:\/\/www.fitshop.de\/blog\/2015\/04\/gesundheitsmanagement-erfahrungen-mit-einem-firmeneigenen-fitnessraum#primaryimage","url":"https:\/\/www.fitshop.de\/blog\/wp-content\/uploads\/2015\/04\/cover.jpg","contentUrl":"https:\/\/www.fitshop.de\/blog\/wp-content\/uploads\/2015\/04\/cover.jpg","width":600,"height":368},{"@type":"BreadcrumbList","@id":"https:\/\/www.fitshop.de\/blog\/2015\/04\/gesundheitsmanagement-erfahrungen-mit-einem-firmeneigenen-fitnessraum#breadcrumb","itemListElement":[{"@type":"ListItem","position":1,"name":"Home","item":"https:\/\/www.fitshop.de\/blog"},{"@type":"ListItem","position":2,"name":"Gesundheitsmanagement: Erfahrungen mit einem firmeneigenen Fitnessraum"}]},{"@type":"WebSite","@id":"https:\/\/www.fitshop.de\/blog\/#website","url":"https:\/\/www.fitshop.de\/blog\/","name":"Fitshop - Das Fitness Blog","description":"","publisher":{"@id":"https:\/\/www.fitshop.de\/blog\/#organization"},"potentialAction":[{"@type":"SearchAction","target":{"@type":"EntryPoint","urlTemplate":"https:\/\/www.fitshop.de\/blog\/?s={search_term_string}"},"query-input":{"@type":"PropertyValueSpecification","valueRequired":true,"valueName":"search_term_string"}}],"inLanguage":"de"},{"@type":"Organization","@id":"https:\/\/www.fitshop.de\/blog\/#organization","name":"Fitshop","url":"https:\/\/www.fitshop.de\/blog\/","logo":{"@type":"ImageObject","inLanguage":"de","@id":"https:\/\/www.fitshop.de\/blog\/#\/schema\/logo\/image\/","url":"https:\/\/www.fitshop.de\/blog\/wp-content\/uploads\/2024\/05\/logo-fitshop-blog.png","contentUrl":"https:\/\/www.fitshop.de\/blog\/wp-content\/uploads\/2024\/05\/logo-fitshop-blog.png","width":696,"height":696,"caption":"Fitshop"},"image":{"@id":"https:\/\/www.fitshop.de\/blog\/#\/schema\/logo\/image\/"}},{"@type":"Person","@id":"https:\/\/www.fitshop.de\/blog\/#\/schema\/person\/b0cf9baf2e0ef85980a64070fab308a1","name":"Simon Eberhardt-Alten","image":{"@type":"ImageObject","inLanguage":"de","@id":"https:\/\/secure.gravatar.com\/avatar\/4b9e752e929620c429b81e911b8ca18d40a9731b41c18e501d1dfe2a8f5abcbc?s=96&d=mm&r=gb10ac1b38cb5cf55569e4b8028d3136a","url":"https:\/\/secure.gravatar.com\/avatar\/4b9e752e929620c429b81e911b8ca18d40a9731b41c18e501d1dfe2a8f5abcbc?s=96&d=mm&r=g","contentUrl":"https:\/\/secure.gravatar.com\/avatar\/4b9e752e929620c429b81e911b8ca18d40a9731b41c18e501d1dfe2a8f5abcbc?s=96&d=mm&r=g","caption":"Simon Eberhardt-Alten"},"description":"Magister in Sportwissenschaft und Medizinischer Physiologie (Nebenfach)","url":"https:\/\/www.fitshop.de\/blog\/author\/seb"}]}},"_links":{"self":[{"href":"https:\/\/www.fitshop.de\/blog\/wp-json\/wp\/v2\/posts\/4169","targetHints":{"allow":["GET"]}}],"collection":[{"href":"https:\/\/www.fitshop.de\/blog\/wp-json\/wp\/v2\/posts"}],"about":[{"href":"https:\/\/www.fitshop.de\/blog\/wp-json\/wp\/v2\/types\/post"}],"author":[{"embeddable":true,"href":"https:\/\/www.fitshop.de\/blog\/wp-json\/wp\/v2\/users\/10"}],"replies":[{"embeddable":true,"href":"https:\/\/www.fitshop.de\/blog\/wp-json\/wp\/v2\/comments?post=4169"}],"version-history":[{"count":7,"href":"https:\/\/www.fitshop.de\/blog\/wp-json\/wp\/v2\/posts\/4169\/revisions"}],"predecessor-version":[{"id":16423,"href":"https:\/\/www.fitshop.de\/blog\/wp-json\/wp\/v2\/posts\/4169\/revisions\/16423"}],"wp:featuredmedia":[{"embeddable":true,"href":"https:\/\/www.fitshop.de\/blog\/wp-json\/wp\/v2\/media\/4176"}],"wp:attachment":[{"href":"https:\/\/www.fitshop.de\/blog\/wp-json\/wp\/v2\/media?parent=4169"}],"wp:term":[{"taxonomy":"category","embeddable":true,"href":"https:\/\/www.fitshop.de\/blog\/wp-json\/wp\/v2\/categories?post=4169"},{"taxonomy":"post_tag","embeddable":true,"href":"https:\/\/www.fitshop.de\/blog\/wp-json\/wp\/v2\/tags?post=4169"},{"taxonomy":"author","embeddable":true,"href":"https:\/\/www.fitshop.de\/blog\/wp-json\/wp\/v2\/coauthors?post=4169"}],"curies":[{"name":"wp","href":"https:\/\/api.w.org\/{rel}","templated":true}]}}