{"id":3423,"date":"2015-02-11T10:01:51","date_gmt":"2015-02-11T09:01:51","guid":{"rendered":"http:\/\/www.sport-tiedje.de\/blog\/?p=3423"},"modified":"2020-12-03T12:06:45","modified_gmt":"2020-12-03T11:06:45","slug":"sport-tiedje-goes-ispo-2015-der-reisebericht-teil-2","status":"publish","type":"post","link":"https:\/\/www.fitshop.de\/blog\/2015\/02\/sport-tiedje-goes-ispo-2015-der-reisebericht-teil-2","title":{"rendered":"Sport-Tiedje goes ISPO 2015: Der Reisebericht Teil 2"},"content":{"rendered":"<p>Heute berichtet Henok von Tag zwei auf der ISPO in M\u00fcnchen. Es geht um <a href=\"https:\/\/www.sport-tiedje.de\" data-wpel-link=\"external\" target=\"_blank\" rel=\"external noopener noreferrer\">Fitnessger\u00e4te<\/a>, die nicht nur funktionell sondern auch sch\u00f6n sind, um das richtige Material von Outdoor-Tischtennisplatten und um unbequeme Schuhe.<\/p>\n<p><strong>Samstag 07. Februar 2015: zweiter Tag auf der ISPO in M\u00fcnchen!<\/strong><\/p>\n<p><strong>8:00 Uhr:<\/strong> Normalerweise trage ich im Alltag keine Anzugschuhe. Heute merke ich schon beim Fr\u00fchst\u00fcck, dass Lederschuhe enger sitzen als Sneaker.<br \/>\nMarc, Steffen und Thomas teilen meinen Wunsch nach bequemeren Schuhen.<br \/>\nW\u00e4hrend des Fr\u00fchst\u00fccks aus M\u00fcsli und gekochten Eiern tauschen wir uns \u00fcber die Termine des Vortags aus und planen Tag 2 auf der Messe.<\/p>\n<p><!--more--><\/p>\n<p><strong>9:15 Uhr:<\/strong> Angekommen auf dem Messegel\u00e4nde begeben wir uns in Halle C1 (die Halle in der ich mich auch am Vortag die meiste Zeit aufhielt).<br \/>\nMein erster Termin ist beim Hersteller <a href=\"https:\/\/www.fitshop.de\/de\/Stil-fit-Ergometer-871941876\" target=\"_blank\" rel=\"noopener noreferrer external\" data-wpel-link=\"external\">Stil-Fit<\/a>. Die Fitness-Ger\u00e4te von Stil-Fit zeichnen sich durch das edle Design aus. Der Messestand sieht, passend zur Firmenphilosophie, sehr elegant aus. Gesch\u00e4ftsf\u00fchrer Anton Rief (<a href=\"https:\/\/www.fitshop.de\/blog\/2014\/10\/neuartige-designkonzepte-fuer-die-fitnessbranche-im-interview-mit-dem-stil-fit-gruender-und-designer-anton-m-rief\/\" target=\"_blank\" rel=\"noopener noreferrer\" data-wpel-link=\"internal\">Hier<\/a> im Interview mit Blog-Redakteur Thore) zeigt mir seine neuen, hochwertigen Produktideen. Fitnessger\u00e4te, welche sich, aufgrund der Formsprache, besser in das h\u00e4usliche Wohnumfeld integrieren lassen. Marc, der auf dem Weg zu seinem n\u00e4chsten Termin vorbeikommt, l\u00e4sst es sich nicht nehmen das neue <a href=\"https:\/\/www.fitshop.de\/rudergeraet\" data-wpel-link=\"external\" target=\"_blank\" rel=\"external noopener noreferrer\">Ruderger\u00e4t<\/a> von Stil-Fit gleich auszuprobieren. Voller K\u00f6rpereinsatz!<br \/>\nNach weiteren Gespr\u00e4chen mit dem Junior-Chef der Firma Daum, Key-Account Managern von Century und einer Produktvorstellung der Firma BH Fitness, treffe ich Steffen und Marc in einem Caf\u00e9 in Halle C1. Steffen berichtet von seinem Termin bei unserem Lieferanten Compex und davon, dass unsere Filialen und Verk\u00e4ufer bald Produktschulungen zur neuen Compex-Serie erhalten werden.<\/p>\n<div id=\"attachment_3432\" style=\"width: 310px\" class=\"wp-caption alignright\"><a href=\"https:\/\/www.fitshop.de\/blog\/wp-content\/uploads\/2015\/02\/marc_tunturi2.jpg\" rel=\"lightbox[3423]\" data-wpel-link=\"internal\"><img loading=\"lazy\" decoding=\"async\" aria-describedby=\"caption-attachment-3432\" class=\"size-medium wp-image-3432\" src=\"https:\/\/www.fitshop.de\/blog\/wp-content\/uploads\/2015\/02\/marc_tunturi2-300x233.jpg\" alt=\"Marc testet Tunturi.\" width=\"300\" height=\"233\" \/><\/a><p id=\"caption-attachment-3432\" class=\"wp-caption-text\">Marc testet Tunturi.<\/p><\/div>\n<p><strong>14:20 Uhr:<\/strong> Wir machen uns auf den Weg zum Kettler Messestand. Dirk Illgner, unser Ansprechpartner bei Kettler, stellt uns die neuen Outdoor-Tischtennisplatten vor. Wir diskutieren, ob Outdoor-Tischtennisplatten aus Melaminharz oder Alu-Verbundplatten besser der Witterung widerstehen. Kettler setzt bei der Herstellung auf Alu-Verbundplatten und Dirk hat daf\u00fcr viele gute Argumente. Es folgen Termine bei Tunturi Fitness und Horizon Fitness.<\/p>\n<p>Ersch\u00f6pft und zufrieden verlassen wir nach unserem letzten Termin um <strong>17:35 Uhr<\/strong> gemeinsam das Messegel\u00e4nde.<\/p>\n<h2>Sonntag 08. Februar 2015: Abreise<\/h2>\n<p>Es schneit in M\u00fcnchen. Die Koffer sind gepackt und um <strong>10:30 Uhr<\/strong> verlassen wir das Hotel in Richtung Flughafen. Nachdem wir eingecheckt haben erfahren wir, dass sich unser Flug um mindestens eine Stunde verschiebt. Wie gesagt, es schneit in M\u00fcnchen. Mit 90 Minuten Versp\u00e4tung heben wir schlie\u00dflich ab.<\/p>\n<p>Der Rest der Reise klappt problemlos. Wir kommen um <strong>16:45 Uhr<\/strong> in Schleswig an.<\/p>\n<p>Ein erfolgreiches und spannendes Messewochenende geht zu Ende. An beiden Tage war auf der ISPO eine Menge los: live Fitnessshows, ein Fitness-Forum mit Diskussionsrunde und viele interessante Produktneuheiten.<\/p>\n<p><strong>Ich freue mich jetzt schon auf die Messenachbereitung und auf die ISPO 2016!<\/strong><\/p>\n","protected":false},"excerpt":{"rendered":"<p>Heute berichtet Henok von Tag zwei auf der ISPO in M\u00fcnchen. Es geht um Fitnessger\u00e4te, die nicht nur funktionell sondern auch sch\u00f6n sind, um das richtige Material von Outdoor-Tischtennisplatten und um unbequeme Schuhe. Samstag 07. Februar 2015: zweiter Tag auf der ISPO in M\u00fcnchen! 8:00 Uhr: Normalerweise trage ich im Alltag keine Anzugschuhe. Heute merke [&hellip;]<\/p>\n","protected":false},"author":10,"featured_media":3425,"comment_status":"open","ping_status":"open","sticky":false,"template":"","format":"standard","meta":{"footnotes":""},"categories":[7],"tags":[401,387],"coauthors":[339],"class_list":["post-3423","post","type-post","status-publish","format-standard","has-post-thumbnail","hentry","category-wir_bei_fitshop","tag-sport-tiedje-goes-ispo","tag-sport-tiedje-ispo"],"yoast_head":"<!-- This site is optimized with the Yoast SEO plugin v27.4 - https:\/\/yoast.com\/product\/yoast-seo-wordpress\/ -->\n<title>Sport-Tiedje goes ISPO 2015: Der Reisebericht Teil 2 - Fitshop - Das Fitness Blog<\/title>\n<meta name=\"description\" content=\"ISPO 2015: Der Reisebericht Teil 2 - Sport-Tiedje \u2705 Unsere Eindr\u00fccke &amp; Highlights der ISPO 2015 - Tag 2 \u2705 Jetzt lesen!\" \/>\n<meta name=\"robots\" content=\"index, follow, max-snippet:-1, max-image-preview:large, max-video-preview:-1\" \/>\n<link rel=\"canonical\" href=\"https:\/\/www.fitshop.de\/blog\/2015\/02\/sport-tiedje-goes-ispo-2015-der-reisebericht-teil-2\" \/>\n<meta property=\"og:locale\" content=\"de_DE\" \/>\n<meta property=\"og:type\" content=\"article\" \/>\n<meta property=\"og:title\" content=\"Sport-Tiedje goes ISPO 2015: Der Reisebericht Teil 2 - Fitshop - Das Fitness Blog\" \/>\n<meta property=\"og:description\" content=\"ISPO 2015: Der Reisebericht Teil 2 - Sport-Tiedje \u2705 Unsere Eindr\u00fccke &amp; Highlights der ISPO 2015 - Tag 2 \u2705 Jetzt lesen!\" \/>\n<meta property=\"og:url\" content=\"https:\/\/www.fitshop.de\/blog\/2015\/02\/sport-tiedje-goes-ispo-2015-der-reisebericht-teil-2\" \/>\n<meta property=\"og:site_name\" content=\"Fitshop - Das Fitness Blog\" \/>\n<meta property=\"article:published_time\" content=\"2015-02-11T09:01:51+00:00\" \/>\n<meta property=\"article:modified_time\" content=\"2020-12-03T11:06:45+00:00\" \/>\n<meta property=\"og:image\" content=\"https:\/\/www.fitshop.de\/blog\/wp-content\/uploads\/2015\/02\/Henok_Klimmzug.jpg\" \/>\n\t<meta property=\"og:image:width\" content=\"250\" \/>\n\t<meta property=\"og:image:height\" content=\"333\" \/>\n\t<meta property=\"og:image:type\" content=\"image\/jpeg\" \/>\n<meta name=\"author\" content=\"Simon Eberhardt-Alten\" \/>\n<meta name=\"twitter:card\" content=\"summary_large_image\" \/>\n<meta name=\"twitter:label1\" content=\"Verfasst von\" \/>\n\t<meta name=\"twitter:data1\" content=\"Simon Eberhardt-Alten\" \/>\n\t<meta name=\"twitter:label2\" content=\"Gesch\u00e4tzte Lesezeit\" \/>\n\t<meta name=\"twitter:data2\" content=\"2\u00a0Minuten\" \/>\n\t<meta name=\"twitter:label3\" content=\"Written by\" \/>\n\t<meta name=\"twitter:data3\" content=\"Simon Eberhardt-Alten\" \/>\n<script type=\"application\/ld+json\" class=\"yoast-schema-graph\">{\"@context\":\"https:\\\/\\\/schema.org\",\"@graph\":[{\"@type\":\"Article\",\"@id\":\"https:\\\/\\\/www.fitshop.de\\\/blog\\\/2015\\\/02\\\/sport-tiedje-goes-ispo-2015-der-reisebericht-teil-2#article\",\"isPartOf\":{\"@id\":\"https:\\\/\\\/www.fitshop.de\\\/blog\\\/2015\\\/02\\\/sport-tiedje-goes-ispo-2015-der-reisebericht-teil-2\"},\"author\":{\"name\":\"Simon Eberhardt-Alten\",\"@id\":\"https:\\\/\\\/www.fitshop.de\\\/blog\\\/#\\\/schema\\\/person\\\/b0cf9baf2e0ef85980a64070fab308a1\"},\"headline\":\"Sport-Tiedje goes ISPO 2015: Der Reisebericht Teil 2\",\"datePublished\":\"2015-02-11T09:01:51+00:00\",\"dateModified\":\"2020-12-03T11:06:45+00:00\",\"mainEntityOfPage\":{\"@id\":\"https:\\\/\\\/www.fitshop.de\\\/blog\\\/2015\\\/02\\\/sport-tiedje-goes-ispo-2015-der-reisebericht-teil-2\"},\"wordCount\":470,\"commentCount\":2,\"publisher\":{\"@id\":\"https:\\\/\\\/www.fitshop.de\\\/blog\\\/#organization\"},\"image\":{\"@id\":\"https:\\\/\\\/www.fitshop.de\\\/blog\\\/2015\\\/02\\\/sport-tiedje-goes-ispo-2015-der-reisebericht-teil-2#primaryimage\"},\"thumbnailUrl\":\"https:\\\/\\\/www.fitshop.de\\\/blog\\\/wp-content\\\/uploads\\\/2015\\\/02\\\/Henok_Klimmzug.jpg\",\"keywords\":[\"sport-tiedje goes ispo\",\"Sport-Tiedje ISPO\"],\"articleSection\":[\"Wir bei Fitshop\"],\"inLanguage\":\"de\",\"potentialAction\":[{\"@type\":\"CommentAction\",\"name\":\"Comment\",\"target\":[\"https:\\\/\\\/www.fitshop.de\\\/blog\\\/2015\\\/02\\\/sport-tiedje-goes-ispo-2015-der-reisebericht-teil-2#respond\"]}]},{\"@type\":\"WebPage\",\"@id\":\"https:\\\/\\\/www.fitshop.de\\\/blog\\\/2015\\\/02\\\/sport-tiedje-goes-ispo-2015-der-reisebericht-teil-2\",\"url\":\"https:\\\/\\\/www.fitshop.de\\\/blog\\\/2015\\\/02\\\/sport-tiedje-goes-ispo-2015-der-reisebericht-teil-2\",\"name\":\"Sport-Tiedje goes ISPO 2015: Der Reisebericht Teil 2 - Fitshop - Das Fitness Blog\",\"isPartOf\":{\"@id\":\"https:\\\/\\\/www.fitshop.de\\\/blog\\\/#website\"},\"primaryImageOfPage\":{\"@id\":\"https:\\\/\\\/www.fitshop.de\\\/blog\\\/2015\\\/02\\\/sport-tiedje-goes-ispo-2015-der-reisebericht-teil-2#primaryimage\"},\"image\":{\"@id\":\"https:\\\/\\\/www.fitshop.de\\\/blog\\\/2015\\\/02\\\/sport-tiedje-goes-ispo-2015-der-reisebericht-teil-2#primaryimage\"},\"thumbnailUrl\":\"https:\\\/\\\/www.fitshop.de\\\/blog\\\/wp-content\\\/uploads\\\/2015\\\/02\\\/Henok_Klimmzug.jpg\",\"datePublished\":\"2015-02-11T09:01:51+00:00\",\"dateModified\":\"2020-12-03T11:06:45+00:00\",\"description\":\"ISPO 2015: Der Reisebericht Teil 2 - Sport-Tiedje \u2705 Unsere Eindr\u00fccke & Highlights der ISPO 2015 - Tag 2 \u2705 Jetzt lesen!\",\"breadcrumb\":{\"@id\":\"https:\\\/\\\/www.fitshop.de\\\/blog\\\/2015\\\/02\\\/sport-tiedje-goes-ispo-2015-der-reisebericht-teil-2#breadcrumb\"},\"inLanguage\":\"de\",\"potentialAction\":[{\"@type\":\"ReadAction\",\"target\":[\"https:\\\/\\\/www.fitshop.de\\\/blog\\\/2015\\\/02\\\/sport-tiedje-goes-ispo-2015-der-reisebericht-teil-2\"]}]},{\"@type\":\"ImageObject\",\"inLanguage\":\"de\",\"@id\":\"https:\\\/\\\/www.fitshop.de\\\/blog\\\/2015\\\/02\\\/sport-tiedje-goes-ispo-2015-der-reisebericht-teil-2#primaryimage\",\"url\":\"https:\\\/\\\/www.fitshop.de\\\/blog\\\/wp-content\\\/uploads\\\/2015\\\/02\\\/Henok_Klimmzug.jpg\",\"contentUrl\":\"https:\\\/\\\/www.fitshop.de\\\/blog\\\/wp-content\\\/uploads\\\/2015\\\/02\\\/Henok_Klimmzug.jpg\",\"width\":250,\"height\":333,\"caption\":\"Henok auf der ISPO in M\u00fcnchen.\"},{\"@type\":\"BreadcrumbList\",\"@id\":\"https:\\\/\\\/www.fitshop.de\\\/blog\\\/2015\\\/02\\\/sport-tiedje-goes-ispo-2015-der-reisebericht-teil-2#breadcrumb\",\"itemListElement\":[{\"@type\":\"ListItem\",\"position\":1,\"name\":\"Home\",\"item\":\"https:\\\/\\\/www.fitshop.de\\\/blog\"},{\"@type\":\"ListItem\",\"position\":2,\"name\":\"Sport-Tiedje goes ISPO 2015: Der Reisebericht Teil 2\"}]},{\"@type\":\"WebSite\",\"@id\":\"https:\\\/\\\/www.fitshop.de\\\/blog\\\/#website\",\"url\":\"https:\\\/\\\/www.fitshop.de\\\/blog\\\/\",\"name\":\"Fitshop - Das Fitness Blog\",\"description\":\"\",\"publisher\":{\"@id\":\"https:\\\/\\\/www.fitshop.de\\\/blog\\\/#organization\"},\"potentialAction\":[{\"@type\":\"SearchAction\",\"target\":{\"@type\":\"EntryPoint\",\"urlTemplate\":\"https:\\\/\\\/www.fitshop.de\\\/blog\\\/?s={search_term_string}\"},\"query-input\":{\"@type\":\"PropertyValueSpecification\",\"valueRequired\":true,\"valueName\":\"search_term_string\"}}],\"inLanguage\":\"de\"},{\"@type\":\"Organization\",\"@id\":\"https:\\\/\\\/www.fitshop.de\\\/blog\\\/#organization\",\"name\":\"Fitshop\",\"url\":\"https:\\\/\\\/www.fitshop.de\\\/blog\\\/\",\"logo\":{\"@type\":\"ImageObject\",\"inLanguage\":\"de\",\"@id\":\"https:\\\/\\\/www.fitshop.de\\\/blog\\\/#\\\/schema\\\/logo\\\/image\\\/\",\"url\":\"https:\\\/\\\/www.fitshop.de\\\/blog\\\/wp-content\\\/uploads\\\/2024\\\/05\\\/logo-fitshop-blog.png\",\"contentUrl\":\"https:\\\/\\\/www.fitshop.de\\\/blog\\\/wp-content\\\/uploads\\\/2024\\\/05\\\/logo-fitshop-blog.png\",\"width\":696,\"height\":696,\"caption\":\"Fitshop\"},\"image\":{\"@id\":\"https:\\\/\\\/www.fitshop.de\\\/blog\\\/#\\\/schema\\\/logo\\\/image\\\/\"}},{\"@type\":\"Person\",\"@id\":\"https:\\\/\\\/www.fitshop.de\\\/blog\\\/#\\\/schema\\\/person\\\/b0cf9baf2e0ef85980a64070fab308a1\",\"name\":\"Simon Eberhardt-Alten\",\"image\":{\"@type\":\"ImageObject\",\"inLanguage\":\"de\",\"@id\":\"https:\\\/\\\/secure.gravatar.com\\\/avatar\\\/4b9e752e929620c429b81e911b8ca18d40a9731b41c18e501d1dfe2a8f5abcbc?s=96&d=mm&r=gb10ac1b38cb5cf55569e4b8028d3136a\",\"url\":\"https:\\\/\\\/secure.gravatar.com\\\/avatar\\\/4b9e752e929620c429b81e911b8ca18d40a9731b41c18e501d1dfe2a8f5abcbc?s=96&d=mm&r=g\",\"contentUrl\":\"https:\\\/\\\/secure.gravatar.com\\\/avatar\\\/4b9e752e929620c429b81e911b8ca18d40a9731b41c18e501d1dfe2a8f5abcbc?s=96&d=mm&r=g\",\"caption\":\"Simon Eberhardt-Alten\"},\"description\":\"Magister in Sportwissenschaft und Medizinischer Physiologie (Nebenfach)\",\"url\":\"https:\\\/\\\/www.fitshop.de\\\/blog\\\/author\\\/seb\"}]}<\/script>\n<!-- \/ Yoast SEO plugin. -->","yoast_head_json":{"title":"Sport-Tiedje goes ISPO 2015: Der Reisebericht Teil 2 - Fitshop - Das Fitness Blog","description":"ISPO 2015: Der Reisebericht Teil 2 - Sport-Tiedje \u2705 Unsere Eindr\u00fccke & Highlights der ISPO 2015 - Tag 2 \u2705 Jetzt lesen!","robots":{"index":"index","follow":"follow","max-snippet":"max-snippet:-1","max-image-preview":"max-image-preview:large","max-video-preview":"max-video-preview:-1"},"canonical":"https:\/\/www.fitshop.de\/blog\/2015\/02\/sport-tiedje-goes-ispo-2015-der-reisebericht-teil-2","og_locale":"de_DE","og_type":"article","og_title":"Sport-Tiedje goes ISPO 2015: Der Reisebericht Teil 2 - Fitshop - Das Fitness Blog","og_description":"ISPO 2015: Der Reisebericht Teil 2 - Sport-Tiedje \u2705 Unsere Eindr\u00fccke & Highlights der ISPO 2015 - Tag 2 \u2705 Jetzt lesen!","og_url":"https:\/\/www.fitshop.de\/blog\/2015\/02\/sport-tiedje-goes-ispo-2015-der-reisebericht-teil-2","og_site_name":"Fitshop - Das Fitness Blog","article_published_time":"2015-02-11T09:01:51+00:00","article_modified_time":"2020-12-03T11:06:45+00:00","og_image":[{"width":250,"height":333,"url":"https:\/\/www.fitshop.de\/blog\/wp-content\/uploads\/2015\/02\/Henok_Klimmzug.jpg","type":"image\/jpeg"}],"author":"Simon Eberhardt-Alten","twitter_card":"summary_large_image","twitter_misc":{"Verfasst von":"Simon Eberhardt-Alten","Gesch\u00e4tzte Lesezeit":"2\u00a0Minuten","Written by":"Simon Eberhardt-Alten"},"schema":{"@context":"https:\/\/schema.org","@graph":[{"@type":"Article","@id":"https:\/\/www.fitshop.de\/blog\/2015\/02\/sport-tiedje-goes-ispo-2015-der-reisebericht-teil-2#article","isPartOf":{"@id":"https:\/\/www.fitshop.de\/blog\/2015\/02\/sport-tiedje-goes-ispo-2015-der-reisebericht-teil-2"},"author":{"name":"Simon Eberhardt-Alten","@id":"https:\/\/www.fitshop.de\/blog\/#\/schema\/person\/b0cf9baf2e0ef85980a64070fab308a1"},"headline":"Sport-Tiedje goes ISPO 2015: Der Reisebericht Teil 2","datePublished":"2015-02-11T09:01:51+00:00","dateModified":"2020-12-03T11:06:45+00:00","mainEntityOfPage":{"@id":"https:\/\/www.fitshop.de\/blog\/2015\/02\/sport-tiedje-goes-ispo-2015-der-reisebericht-teil-2"},"wordCount":470,"commentCount":2,"publisher":{"@id":"https:\/\/www.fitshop.de\/blog\/#organization"},"image":{"@id":"https:\/\/www.fitshop.de\/blog\/2015\/02\/sport-tiedje-goes-ispo-2015-der-reisebericht-teil-2#primaryimage"},"thumbnailUrl":"https:\/\/www.fitshop.de\/blog\/wp-content\/uploads\/2015\/02\/Henok_Klimmzug.jpg","keywords":["sport-tiedje goes ispo","Sport-Tiedje ISPO"],"articleSection":["Wir bei Fitshop"],"inLanguage":"de","potentialAction":[{"@type":"CommentAction","name":"Comment","target":["https:\/\/www.fitshop.de\/blog\/2015\/02\/sport-tiedje-goes-ispo-2015-der-reisebericht-teil-2#respond"]}]},{"@type":"WebPage","@id":"https:\/\/www.fitshop.de\/blog\/2015\/02\/sport-tiedje-goes-ispo-2015-der-reisebericht-teil-2","url":"https:\/\/www.fitshop.de\/blog\/2015\/02\/sport-tiedje-goes-ispo-2015-der-reisebericht-teil-2","name":"Sport-Tiedje goes ISPO 2015: Der Reisebericht Teil 2 - Fitshop - Das Fitness Blog","isPartOf":{"@id":"https:\/\/www.fitshop.de\/blog\/#website"},"primaryImageOfPage":{"@id":"https:\/\/www.fitshop.de\/blog\/2015\/02\/sport-tiedje-goes-ispo-2015-der-reisebericht-teil-2#primaryimage"},"image":{"@id":"https:\/\/www.fitshop.de\/blog\/2015\/02\/sport-tiedje-goes-ispo-2015-der-reisebericht-teil-2#primaryimage"},"thumbnailUrl":"https:\/\/www.fitshop.de\/blog\/wp-content\/uploads\/2015\/02\/Henok_Klimmzug.jpg","datePublished":"2015-02-11T09:01:51+00:00","dateModified":"2020-12-03T11:06:45+00:00","description":"ISPO 2015: Der Reisebericht Teil 2 - Sport-Tiedje \u2705 Unsere Eindr\u00fccke & Highlights der ISPO 2015 - Tag 2 \u2705 Jetzt lesen!","breadcrumb":{"@id":"https:\/\/www.fitshop.de\/blog\/2015\/02\/sport-tiedje-goes-ispo-2015-der-reisebericht-teil-2#breadcrumb"},"inLanguage":"de","potentialAction":[{"@type":"ReadAction","target":["https:\/\/www.fitshop.de\/blog\/2015\/02\/sport-tiedje-goes-ispo-2015-der-reisebericht-teil-2"]}]},{"@type":"ImageObject","inLanguage":"de","@id":"https:\/\/www.fitshop.de\/blog\/2015\/02\/sport-tiedje-goes-ispo-2015-der-reisebericht-teil-2#primaryimage","url":"https:\/\/www.fitshop.de\/blog\/wp-content\/uploads\/2015\/02\/Henok_Klimmzug.jpg","contentUrl":"https:\/\/www.fitshop.de\/blog\/wp-content\/uploads\/2015\/02\/Henok_Klimmzug.jpg","width":250,"height":333,"caption":"Henok auf der ISPO in M\u00fcnchen."},{"@type":"BreadcrumbList","@id":"https:\/\/www.fitshop.de\/blog\/2015\/02\/sport-tiedje-goes-ispo-2015-der-reisebericht-teil-2#breadcrumb","itemListElement":[{"@type":"ListItem","position":1,"name":"Home","item":"https:\/\/www.fitshop.de\/blog"},{"@type":"ListItem","position":2,"name":"Sport-Tiedje goes ISPO 2015: Der Reisebericht Teil 2"}]},{"@type":"WebSite","@id":"https:\/\/www.fitshop.de\/blog\/#website","url":"https:\/\/www.fitshop.de\/blog\/","name":"Fitshop - Das Fitness Blog","description":"","publisher":{"@id":"https:\/\/www.fitshop.de\/blog\/#organization"},"potentialAction":[{"@type":"SearchAction","target":{"@type":"EntryPoint","urlTemplate":"https:\/\/www.fitshop.de\/blog\/?s={search_term_string}"},"query-input":{"@type":"PropertyValueSpecification","valueRequired":true,"valueName":"search_term_string"}}],"inLanguage":"de"},{"@type":"Organization","@id":"https:\/\/www.fitshop.de\/blog\/#organization","name":"Fitshop","url":"https:\/\/www.fitshop.de\/blog\/","logo":{"@type":"ImageObject","inLanguage":"de","@id":"https:\/\/www.fitshop.de\/blog\/#\/schema\/logo\/image\/","url":"https:\/\/www.fitshop.de\/blog\/wp-content\/uploads\/2024\/05\/logo-fitshop-blog.png","contentUrl":"https:\/\/www.fitshop.de\/blog\/wp-content\/uploads\/2024\/05\/logo-fitshop-blog.png","width":696,"height":696,"caption":"Fitshop"},"image":{"@id":"https:\/\/www.fitshop.de\/blog\/#\/schema\/logo\/image\/"}},{"@type":"Person","@id":"https:\/\/www.fitshop.de\/blog\/#\/schema\/person\/b0cf9baf2e0ef85980a64070fab308a1","name":"Simon Eberhardt-Alten","image":{"@type":"ImageObject","inLanguage":"de","@id":"https:\/\/secure.gravatar.com\/avatar\/4b9e752e929620c429b81e911b8ca18d40a9731b41c18e501d1dfe2a8f5abcbc?s=96&d=mm&r=gb10ac1b38cb5cf55569e4b8028d3136a","url":"https:\/\/secure.gravatar.com\/avatar\/4b9e752e929620c429b81e911b8ca18d40a9731b41c18e501d1dfe2a8f5abcbc?s=96&d=mm&r=g","contentUrl":"https:\/\/secure.gravatar.com\/avatar\/4b9e752e929620c429b81e911b8ca18d40a9731b41c18e501d1dfe2a8f5abcbc?s=96&d=mm&r=g","caption":"Simon Eberhardt-Alten"},"description":"Magister in Sportwissenschaft und Medizinischer Physiologie (Nebenfach)","url":"https:\/\/www.fitshop.de\/blog\/author\/seb"}]}},"_links":{"self":[{"href":"https:\/\/www.fitshop.de\/blog\/wp-json\/wp\/v2\/posts\/3423","targetHints":{"allow":["GET"]}}],"collection":[{"href":"https:\/\/www.fitshop.de\/blog\/wp-json\/wp\/v2\/posts"}],"about":[{"href":"https:\/\/www.fitshop.de\/blog\/wp-json\/wp\/v2\/types\/post"}],"author":[{"embeddable":true,"href":"https:\/\/www.fitshop.de\/blog\/wp-json\/wp\/v2\/users\/10"}],"replies":[{"embeddable":true,"href":"https:\/\/www.fitshop.de\/blog\/wp-json\/wp\/v2\/comments?post=3423"}],"version-history":[{"count":12,"href":"https:\/\/www.fitshop.de\/blog\/wp-json\/wp\/v2\/posts\/3423\/revisions"}],"predecessor-version":[{"id":16461,"href":"https:\/\/www.fitshop.de\/blog\/wp-json\/wp\/v2\/posts\/3423\/revisions\/16461"}],"wp:featuredmedia":[{"embeddable":true,"href":"https:\/\/www.fitshop.de\/blog\/wp-json\/wp\/v2\/media\/3425"}],"wp:attachment":[{"href":"https:\/\/www.fitshop.de\/blog\/wp-json\/wp\/v2\/media?parent=3423"}],"wp:term":[{"taxonomy":"category","embeddable":true,"href":"https:\/\/www.fitshop.de\/blog\/wp-json\/wp\/v2\/categories?post=3423"},{"taxonomy":"post_tag","embeddable":true,"href":"https:\/\/www.fitshop.de\/blog\/wp-json\/wp\/v2\/tags?post=3423"},{"taxonomy":"author","embeddable":true,"href":"https:\/\/www.fitshop.de\/blog\/wp-json\/wp\/v2\/coauthors?post=3423"}],"curies":[{"name":"wp","href":"https:\/\/api.w.org\/{rel}","templated":true}]}}