{"id":3273,"date":"2015-02-04T10:00:38","date_gmt":"2015-02-04T09:00:38","guid":{"rendered":"http:\/\/www.sport-tiedje.de\/blog\/?p=3273"},"modified":"2020-12-03T12:04:31","modified_gmt":"2020-12-03T11:04:31","slug":"sport-tiedje-goes-ispo","status":"publish","type":"post","link":"https:\/\/www.fitshop.de\/blog\/2015\/02\/sport-tiedje-goes-ispo","title":{"rendered":"Sport-Tiedje goes ISPO"},"content":{"rendered":"<p>Vom <strong>05. bis 08. Februar<\/strong> findet in <strong>M\u00fcnchen die ISPO<\/strong> statt. Die ISPO ist die weltweit gr\u00f6\u00dfte, j\u00e4hrliche Messe f\u00fcr Sport.<br \/>\nAuch unser Kollege Henok aus dem Bereich Einkauf bei Sport-Tiedje macht sich in den n\u00e4chsten Tagen auf den Weg nach M\u00fcnchen und wird f\u00fcr uns von der Messe berichten.<\/p>\n<p>Bevor Henok in den Flieger nach M\u00fcnchen steigt, haben wir Ihm noch ein paar Fragen zur ISPO gestellt.<br \/>\n<!--more--><\/p>\n<hr \/>\n<p><strong>Blog-Team:<\/strong> Hallo Henok, vielen Dank, dass du dir trotz der Vorbereitungen auf die Messe Zeit f\u00fcr uns nimmst.<br \/>\n<strong>Henok:<\/strong> Kein Problem!<\/p>\n<p><strong>Blog-Team:<\/strong> Kannst du unseren Lesern erkl\u00e4ren, was die ISPO ist?<br \/>\n<strong>Henok:<\/strong> Die <strong>ISPO<\/strong> ist die <strong>internationale Fachmesse f\u00fcr Sportartikel und Sportmode.<\/strong> Dort stellen die gr\u00f6\u00dften Hersteller von Sport- und <a href=\"https:\/\/www.sport-tiedje.de\" data-wpel-link=\"external\" target=\"_blank\" rel=\"external noopener noreferrer\">Fitnessger\u00e4ten<\/a> Ihre Produktneuheiten vor. Dadurch ist die Messe nat\u00fcrlich sehr interessant f\u00fcr Fachh\u00e4ndler wie Sport-Tiedje. Wir werden hoffentlich viele neue Produkte aus dem Bereich Heimfitness zu sehen bekommen. Das sind genau die Produkte, welche f\u00fcr unsere Kunden interessant sind.<\/p>\n<p><strong>Blog-Team:<\/strong> Wer von Sport-Tiedje f\u00e4hrt au\u00dfer dir zur ISPO?<br \/>\n<strong>Henok:<\/strong> Die Gesch\u00e4ftsf\u00fchrung f\u00e4hrt zur ISPO, das Team aus dem Einkauf und der Leiter der Abteilung Technik.<\/p>\n<p><strong>Blog-Team:<\/strong> Was erwartet dich auf der ISPO?<br \/>\n<strong>Henok:<\/strong> Unsere Terminkalender sind voll. Wir treffen bestehende Lieferanten zu Jahresgespr\u00e4chen und um uns Ihre Produktneuheiten anzusehen. Au\u00dferdem haben wir Termine mit m\u00f6glichen neuen Lieferanten. Wir haben also von morgens bis abends einen Termin nach dem anderen.<\/p>\n<p><strong>Blog-Team:<\/strong> Welche Trends erwartest du in diesem Jahr auf der Messe?<br \/>\n<strong>Henok:<\/strong> Im letzten Jahr war Functional Training ein gro\u00dfes Thema. Ich hoffe, dass die ISPO wieder so spannend wird wie in 2014. Ich bin zum Beispiel sehr gespannt, auf den neuen Max Trainer von Bowflex!<\/p>\n<p><strong>Blog-Team:<\/strong> Was hat Sport-Tiedje auf der ISPO geplant?<br \/>\n<strong>Henok:<\/strong> Auf der ISPO wird auch in diesem Jahr der <strong>Sport-Tiedje Gepard<\/strong> verliehen. Diese Auszeichnung wird den Herstellern und Lieferanten in den Kategorien<strong> \u201eBester Service\u201c, \u201eProdukt des Jahres\u201c, \u201eInnovation des Jahres\u201c<\/strong> und<strong> \u201eLieferant des Jahres\u201c<\/strong> verliehen. Wir werden sehen, wer die 25-k\u00f6pfige Jury in den vier Kategorien \u00fcberzeugen konnte.<\/p>\n<p><strong>Blog-Team:<\/strong> Vielen Dank f\u00fcr das Gespr\u00e4ch. Wir w\u00fcnschen dir viel Spa\u00df in M\u00fcnchen und sind schon gespannt auf deine Berichte von der Messe!<\/p>\n","protected":false},"excerpt":{"rendered":"<p>Vom 05. bis 08. Februar findet in M\u00fcnchen die ISPO statt. Die ISPO ist die weltweit gr\u00f6\u00dfte, j\u00e4hrliche Messe f\u00fcr Sport. Auch unser Kollege Henok aus dem Bereich Einkauf bei Sport-Tiedje macht sich in den n\u00e4chsten Tagen auf den Weg nach M\u00fcnchen und wird f\u00fcr uns von der Messe berichten. Bevor Henok in den Flieger [&hellip;]<\/p>\n","protected":false},"author":10,"featured_media":3274,"comment_status":"open","ping_status":"open","sticky":false,"template":"","format":"standard","meta":{"footnotes":""},"categories":[7],"tags":[395,18,14,387],"coauthors":[339],"class_list":["post-3273","post","type-post","status-publish","format-standard","has-post-thumbnail","hentry","category-wir_bei_fitshop","tag-ispo-2015","tag-ispo-muenchen","tag-sport-tiedje-gepard","tag-sport-tiedje-ispo"],"yoast_head":"<!-- This site is optimized with the Yoast SEO plugin v27.4 - https:\/\/yoast.com\/product\/yoast-seo-wordpress\/ -->\n<title>Sport-Tiedje goes ISPO - Fitshop - Das Fitness Blog<\/title>\n<meta name=\"description\" content=\"ISPO 2015 - Sport-Tiedje \u2705 Internationale Fachmesse f\u00fcr Sportartikel und Sportmode \u2705 Jetzt lesen!\" \/>\n<meta name=\"robots\" content=\"index, follow, max-snippet:-1, max-image-preview:large, max-video-preview:-1\" \/>\n<link rel=\"canonical\" href=\"https:\/\/www.fitshop.de\/blog\/2015\/02\/sport-tiedje-goes-ispo\" \/>\n<meta property=\"og:locale\" content=\"de_DE\" \/>\n<meta property=\"og:type\" content=\"article\" \/>\n<meta property=\"og:title\" content=\"Sport-Tiedje goes ISPO - Fitshop - Das Fitness Blog\" \/>\n<meta property=\"og:description\" content=\"ISPO 2015 - Sport-Tiedje \u2705 Internationale Fachmesse f\u00fcr Sportartikel und Sportmode \u2705 Jetzt lesen!\" \/>\n<meta property=\"og:url\" content=\"https:\/\/www.fitshop.de\/blog\/2015\/02\/sport-tiedje-goes-ispo\" \/>\n<meta property=\"og:site_name\" content=\"Fitshop - Das Fitness Blog\" \/>\n<meta property=\"article:published_time\" content=\"2015-02-04T09:00:38+00:00\" \/>\n<meta property=\"article:modified_time\" content=\"2020-12-03T11:04:31+00:00\" \/>\n<meta property=\"og:image\" content=\"https:\/\/www.fitshop.de\/blog\/wp-content\/uploads\/2015\/02\/ispo.jpg\" \/>\n\t<meta property=\"og:image:width\" content=\"625\" \/>\n\t<meta property=\"og:image:height\" content=\"417\" \/>\n\t<meta property=\"og:image:type\" content=\"image\/jpeg\" \/>\n<meta name=\"author\" content=\"Simon Eberhardt-Alten\" \/>\n<meta name=\"twitter:card\" content=\"summary_large_image\" \/>\n<meta name=\"twitter:label1\" content=\"Verfasst von\" \/>\n\t<meta name=\"twitter:data1\" content=\"Simon Eberhardt-Alten\" \/>\n\t<meta name=\"twitter:label2\" content=\"Gesch\u00e4tzte Lesezeit\" \/>\n\t<meta name=\"twitter:data2\" content=\"2\u00a0Minuten\" \/>\n\t<meta name=\"twitter:label3\" content=\"Written by\" \/>\n\t<meta name=\"twitter:data3\" content=\"Simon Eberhardt-Alten\" \/>\n<script type=\"application\/ld+json\" class=\"yoast-schema-graph\">{\"@context\":\"https:\\\/\\\/schema.org\",\"@graph\":[{\"@type\":\"Article\",\"@id\":\"https:\\\/\\\/www.fitshop.de\\\/blog\\\/2015\\\/02\\\/sport-tiedje-goes-ispo#article\",\"isPartOf\":{\"@id\":\"https:\\\/\\\/www.fitshop.de\\\/blog\\\/2015\\\/02\\\/sport-tiedje-goes-ispo\"},\"author\":{\"name\":\"Simon Eberhardt-Alten\",\"@id\":\"https:\\\/\\\/www.fitshop.de\\\/blog\\\/#\\\/schema\\\/person\\\/b0cf9baf2e0ef85980a64070fab308a1\"},\"headline\":\"Sport-Tiedje goes ISPO\",\"datePublished\":\"2015-02-04T09:00:38+00:00\",\"dateModified\":\"2020-12-03T11:04:31+00:00\",\"mainEntityOfPage\":{\"@id\":\"https:\\\/\\\/www.fitshop.de\\\/blog\\\/2015\\\/02\\\/sport-tiedje-goes-ispo\"},\"wordCount\":384,\"commentCount\":0,\"publisher\":{\"@id\":\"https:\\\/\\\/www.fitshop.de\\\/blog\\\/#organization\"},\"image\":{\"@id\":\"https:\\\/\\\/www.fitshop.de\\\/blog\\\/2015\\\/02\\\/sport-tiedje-goes-ispo#primaryimage\"},\"thumbnailUrl\":\"https:\\\/\\\/www.fitshop.de\\\/blog\\\/wp-content\\\/uploads\\\/2015\\\/02\\\/ispo.jpg\",\"keywords\":[\"ISPO 2015\",\"ISPO M\u00fcnchen\",\"Sport-Tiedje Gepard\",\"Sport-Tiedje ISPO\"],\"articleSection\":[\"Wir bei Fitshop\"],\"inLanguage\":\"de\",\"potentialAction\":[{\"@type\":\"CommentAction\",\"name\":\"Comment\",\"target\":[\"https:\\\/\\\/www.fitshop.de\\\/blog\\\/2015\\\/02\\\/sport-tiedje-goes-ispo#respond\"]}]},{\"@type\":\"WebPage\",\"@id\":\"https:\\\/\\\/www.fitshop.de\\\/blog\\\/2015\\\/02\\\/sport-tiedje-goes-ispo\",\"url\":\"https:\\\/\\\/www.fitshop.de\\\/blog\\\/2015\\\/02\\\/sport-tiedje-goes-ispo\",\"name\":\"Sport-Tiedje goes ISPO - Fitshop - Das Fitness Blog\",\"isPartOf\":{\"@id\":\"https:\\\/\\\/www.fitshop.de\\\/blog\\\/#website\"},\"primaryImageOfPage\":{\"@id\":\"https:\\\/\\\/www.fitshop.de\\\/blog\\\/2015\\\/02\\\/sport-tiedje-goes-ispo#primaryimage\"},\"image\":{\"@id\":\"https:\\\/\\\/www.fitshop.de\\\/blog\\\/2015\\\/02\\\/sport-tiedje-goes-ispo#primaryimage\"},\"thumbnailUrl\":\"https:\\\/\\\/www.fitshop.de\\\/blog\\\/wp-content\\\/uploads\\\/2015\\\/02\\\/ispo.jpg\",\"datePublished\":\"2015-02-04T09:00:38+00:00\",\"dateModified\":\"2020-12-03T11:04:31+00:00\",\"description\":\"ISPO 2015 - Sport-Tiedje \u2705 Internationale Fachmesse f\u00fcr Sportartikel und Sportmode \u2705 Jetzt lesen!\",\"breadcrumb\":{\"@id\":\"https:\\\/\\\/www.fitshop.de\\\/blog\\\/2015\\\/02\\\/sport-tiedje-goes-ispo#breadcrumb\"},\"inLanguage\":\"de\",\"potentialAction\":[{\"@type\":\"ReadAction\",\"target\":[\"https:\\\/\\\/www.fitshop.de\\\/blog\\\/2015\\\/02\\\/sport-tiedje-goes-ispo\"]}]},{\"@type\":\"ImageObject\",\"inLanguage\":\"de\",\"@id\":\"https:\\\/\\\/www.fitshop.de\\\/blog\\\/2015\\\/02\\\/sport-tiedje-goes-ispo#primaryimage\",\"url\":\"https:\\\/\\\/www.fitshop.de\\\/blog\\\/wp-content\\\/uploads\\\/2015\\\/02\\\/ispo.jpg\",\"contentUrl\":\"https:\\\/\\\/www.fitshop.de\\\/blog\\\/wp-content\\\/uploads\\\/2015\\\/02\\\/ispo.jpg\",\"width\":3543,\"height\":2362},{\"@type\":\"BreadcrumbList\",\"@id\":\"https:\\\/\\\/www.fitshop.de\\\/blog\\\/2015\\\/02\\\/sport-tiedje-goes-ispo#breadcrumb\",\"itemListElement\":[{\"@type\":\"ListItem\",\"position\":1,\"name\":\"Home\",\"item\":\"https:\\\/\\\/www.fitshop.de\\\/blog\"},{\"@type\":\"ListItem\",\"position\":2,\"name\":\"Sport-Tiedje goes ISPO\"}]},{\"@type\":\"WebSite\",\"@id\":\"https:\\\/\\\/www.fitshop.de\\\/blog\\\/#website\",\"url\":\"https:\\\/\\\/www.fitshop.de\\\/blog\\\/\",\"name\":\"Fitshop - Das Fitness Blog\",\"description\":\"\",\"publisher\":{\"@id\":\"https:\\\/\\\/www.fitshop.de\\\/blog\\\/#organization\"},\"potentialAction\":[{\"@type\":\"SearchAction\",\"target\":{\"@type\":\"EntryPoint\",\"urlTemplate\":\"https:\\\/\\\/www.fitshop.de\\\/blog\\\/?s={search_term_string}\"},\"query-input\":{\"@type\":\"PropertyValueSpecification\",\"valueRequired\":true,\"valueName\":\"search_term_string\"}}],\"inLanguage\":\"de\"},{\"@type\":\"Organization\",\"@id\":\"https:\\\/\\\/www.fitshop.de\\\/blog\\\/#organization\",\"name\":\"Fitshop\",\"url\":\"https:\\\/\\\/www.fitshop.de\\\/blog\\\/\",\"logo\":{\"@type\":\"ImageObject\",\"inLanguage\":\"de\",\"@id\":\"https:\\\/\\\/www.fitshop.de\\\/blog\\\/#\\\/schema\\\/logo\\\/image\\\/\",\"url\":\"https:\\\/\\\/www.fitshop.de\\\/blog\\\/wp-content\\\/uploads\\\/2024\\\/05\\\/logo-fitshop-blog.png\",\"contentUrl\":\"https:\\\/\\\/www.fitshop.de\\\/blog\\\/wp-content\\\/uploads\\\/2024\\\/05\\\/logo-fitshop-blog.png\",\"width\":696,\"height\":696,\"caption\":\"Fitshop\"},\"image\":{\"@id\":\"https:\\\/\\\/www.fitshop.de\\\/blog\\\/#\\\/schema\\\/logo\\\/image\\\/\"}},{\"@type\":\"Person\",\"@id\":\"https:\\\/\\\/www.fitshop.de\\\/blog\\\/#\\\/schema\\\/person\\\/b0cf9baf2e0ef85980a64070fab308a1\",\"name\":\"Simon Eberhardt-Alten\",\"image\":{\"@type\":\"ImageObject\",\"inLanguage\":\"de\",\"@id\":\"https:\\\/\\\/secure.gravatar.com\\\/avatar\\\/4b9e752e929620c429b81e911b8ca18d40a9731b41c18e501d1dfe2a8f5abcbc?s=96&d=mm&r=gb10ac1b38cb5cf55569e4b8028d3136a\",\"url\":\"https:\\\/\\\/secure.gravatar.com\\\/avatar\\\/4b9e752e929620c429b81e911b8ca18d40a9731b41c18e501d1dfe2a8f5abcbc?s=96&d=mm&r=g\",\"contentUrl\":\"https:\\\/\\\/secure.gravatar.com\\\/avatar\\\/4b9e752e929620c429b81e911b8ca18d40a9731b41c18e501d1dfe2a8f5abcbc?s=96&d=mm&r=g\",\"caption\":\"Simon Eberhardt-Alten\"},\"description\":\"Magister in Sportwissenschaft und Medizinischer Physiologie (Nebenfach)\",\"url\":\"https:\\\/\\\/www.fitshop.de\\\/blog\\\/author\\\/seb\"}]}<\/script>\n<!-- \/ Yoast SEO plugin. -->","yoast_head_json":{"title":"Sport-Tiedje goes ISPO - Fitshop - Das Fitness Blog","description":"ISPO 2015 - Sport-Tiedje \u2705 Internationale Fachmesse f\u00fcr Sportartikel und Sportmode \u2705 Jetzt lesen!","robots":{"index":"index","follow":"follow","max-snippet":"max-snippet:-1","max-image-preview":"max-image-preview:large","max-video-preview":"max-video-preview:-1"},"canonical":"https:\/\/www.fitshop.de\/blog\/2015\/02\/sport-tiedje-goes-ispo","og_locale":"de_DE","og_type":"article","og_title":"Sport-Tiedje goes ISPO - Fitshop - Das Fitness Blog","og_description":"ISPO 2015 - Sport-Tiedje \u2705 Internationale Fachmesse f\u00fcr Sportartikel und Sportmode \u2705 Jetzt lesen!","og_url":"https:\/\/www.fitshop.de\/blog\/2015\/02\/sport-tiedje-goes-ispo","og_site_name":"Fitshop - Das Fitness Blog","article_published_time":"2015-02-04T09:00:38+00:00","article_modified_time":"2020-12-03T11:04:31+00:00","og_image":[{"url":"https:\/\/www.fitshop.de\/blog\/wp-content\/uploads\/2015\/02\/ispo.jpg","width":625,"height":417,"type":"image\/jpeg"}],"author":"Simon Eberhardt-Alten","twitter_card":"summary_large_image","twitter_misc":{"Verfasst von":"Simon Eberhardt-Alten","Gesch\u00e4tzte Lesezeit":"2\u00a0Minuten","Written by":"Simon Eberhardt-Alten"},"schema":{"@context":"https:\/\/schema.org","@graph":[{"@type":"Article","@id":"https:\/\/www.fitshop.de\/blog\/2015\/02\/sport-tiedje-goes-ispo#article","isPartOf":{"@id":"https:\/\/www.fitshop.de\/blog\/2015\/02\/sport-tiedje-goes-ispo"},"author":{"name":"Simon Eberhardt-Alten","@id":"https:\/\/www.fitshop.de\/blog\/#\/schema\/person\/b0cf9baf2e0ef85980a64070fab308a1"},"headline":"Sport-Tiedje goes ISPO","datePublished":"2015-02-04T09:00:38+00:00","dateModified":"2020-12-03T11:04:31+00:00","mainEntityOfPage":{"@id":"https:\/\/www.fitshop.de\/blog\/2015\/02\/sport-tiedje-goes-ispo"},"wordCount":384,"commentCount":0,"publisher":{"@id":"https:\/\/www.fitshop.de\/blog\/#organization"},"image":{"@id":"https:\/\/www.fitshop.de\/blog\/2015\/02\/sport-tiedje-goes-ispo#primaryimage"},"thumbnailUrl":"https:\/\/www.fitshop.de\/blog\/wp-content\/uploads\/2015\/02\/ispo.jpg","keywords":["ISPO 2015","ISPO M\u00fcnchen","Sport-Tiedje Gepard","Sport-Tiedje ISPO"],"articleSection":["Wir bei Fitshop"],"inLanguage":"de","potentialAction":[{"@type":"CommentAction","name":"Comment","target":["https:\/\/www.fitshop.de\/blog\/2015\/02\/sport-tiedje-goes-ispo#respond"]}]},{"@type":"WebPage","@id":"https:\/\/www.fitshop.de\/blog\/2015\/02\/sport-tiedje-goes-ispo","url":"https:\/\/www.fitshop.de\/blog\/2015\/02\/sport-tiedje-goes-ispo","name":"Sport-Tiedje goes ISPO - Fitshop - Das Fitness Blog","isPartOf":{"@id":"https:\/\/www.fitshop.de\/blog\/#website"},"primaryImageOfPage":{"@id":"https:\/\/www.fitshop.de\/blog\/2015\/02\/sport-tiedje-goes-ispo#primaryimage"},"image":{"@id":"https:\/\/www.fitshop.de\/blog\/2015\/02\/sport-tiedje-goes-ispo#primaryimage"},"thumbnailUrl":"https:\/\/www.fitshop.de\/blog\/wp-content\/uploads\/2015\/02\/ispo.jpg","datePublished":"2015-02-04T09:00:38+00:00","dateModified":"2020-12-03T11:04:31+00:00","description":"ISPO 2015 - Sport-Tiedje \u2705 Internationale Fachmesse f\u00fcr Sportartikel und Sportmode \u2705 Jetzt lesen!","breadcrumb":{"@id":"https:\/\/www.fitshop.de\/blog\/2015\/02\/sport-tiedje-goes-ispo#breadcrumb"},"inLanguage":"de","potentialAction":[{"@type":"ReadAction","target":["https:\/\/www.fitshop.de\/blog\/2015\/02\/sport-tiedje-goes-ispo"]}]},{"@type":"ImageObject","inLanguage":"de","@id":"https:\/\/www.fitshop.de\/blog\/2015\/02\/sport-tiedje-goes-ispo#primaryimage","url":"https:\/\/www.fitshop.de\/blog\/wp-content\/uploads\/2015\/02\/ispo.jpg","contentUrl":"https:\/\/www.fitshop.de\/blog\/wp-content\/uploads\/2015\/02\/ispo.jpg","width":3543,"height":2362},{"@type":"BreadcrumbList","@id":"https:\/\/www.fitshop.de\/blog\/2015\/02\/sport-tiedje-goes-ispo#breadcrumb","itemListElement":[{"@type":"ListItem","position":1,"name":"Home","item":"https:\/\/www.fitshop.de\/blog"},{"@type":"ListItem","position":2,"name":"Sport-Tiedje goes ISPO"}]},{"@type":"WebSite","@id":"https:\/\/www.fitshop.de\/blog\/#website","url":"https:\/\/www.fitshop.de\/blog\/","name":"Fitshop - Das Fitness Blog","description":"","publisher":{"@id":"https:\/\/www.fitshop.de\/blog\/#organization"},"potentialAction":[{"@type":"SearchAction","target":{"@type":"EntryPoint","urlTemplate":"https:\/\/www.fitshop.de\/blog\/?s={search_term_string}"},"query-input":{"@type":"PropertyValueSpecification","valueRequired":true,"valueName":"search_term_string"}}],"inLanguage":"de"},{"@type":"Organization","@id":"https:\/\/www.fitshop.de\/blog\/#organization","name":"Fitshop","url":"https:\/\/www.fitshop.de\/blog\/","logo":{"@type":"ImageObject","inLanguage":"de","@id":"https:\/\/www.fitshop.de\/blog\/#\/schema\/logo\/image\/","url":"https:\/\/www.fitshop.de\/blog\/wp-content\/uploads\/2024\/05\/logo-fitshop-blog.png","contentUrl":"https:\/\/www.fitshop.de\/blog\/wp-content\/uploads\/2024\/05\/logo-fitshop-blog.png","width":696,"height":696,"caption":"Fitshop"},"image":{"@id":"https:\/\/www.fitshop.de\/blog\/#\/schema\/logo\/image\/"}},{"@type":"Person","@id":"https:\/\/www.fitshop.de\/blog\/#\/schema\/person\/b0cf9baf2e0ef85980a64070fab308a1","name":"Simon Eberhardt-Alten","image":{"@type":"ImageObject","inLanguage":"de","@id":"https:\/\/secure.gravatar.com\/avatar\/4b9e752e929620c429b81e911b8ca18d40a9731b41c18e501d1dfe2a8f5abcbc?s=96&d=mm&r=gb10ac1b38cb5cf55569e4b8028d3136a","url":"https:\/\/secure.gravatar.com\/avatar\/4b9e752e929620c429b81e911b8ca18d40a9731b41c18e501d1dfe2a8f5abcbc?s=96&d=mm&r=g","contentUrl":"https:\/\/secure.gravatar.com\/avatar\/4b9e752e929620c429b81e911b8ca18d40a9731b41c18e501d1dfe2a8f5abcbc?s=96&d=mm&r=g","caption":"Simon Eberhardt-Alten"},"description":"Magister in Sportwissenschaft und Medizinischer Physiologie (Nebenfach)","url":"https:\/\/www.fitshop.de\/blog\/author\/seb"}]}},"_links":{"self":[{"href":"https:\/\/www.fitshop.de\/blog\/wp-json\/wp\/v2\/posts\/3273","targetHints":{"allow":["GET"]}}],"collection":[{"href":"https:\/\/www.fitshop.de\/blog\/wp-json\/wp\/v2\/posts"}],"about":[{"href":"https:\/\/www.fitshop.de\/blog\/wp-json\/wp\/v2\/types\/post"}],"author":[{"embeddable":true,"href":"https:\/\/www.fitshop.de\/blog\/wp-json\/wp\/v2\/users\/10"}],"replies":[{"embeddable":true,"href":"https:\/\/www.fitshop.de\/blog\/wp-json\/wp\/v2\/comments?post=3273"}],"version-history":[{"count":12,"href":"https:\/\/www.fitshop.de\/blog\/wp-json\/wp\/v2\/posts\/3273\/revisions"}],"predecessor-version":[{"id":16460,"href":"https:\/\/www.fitshop.de\/blog\/wp-json\/wp\/v2\/posts\/3273\/revisions\/16460"}],"wp:featuredmedia":[{"embeddable":true,"href":"https:\/\/www.fitshop.de\/blog\/wp-json\/wp\/v2\/media\/3274"}],"wp:attachment":[{"href":"https:\/\/www.fitshop.de\/blog\/wp-json\/wp\/v2\/media?parent=3273"}],"wp:term":[{"taxonomy":"category","embeddable":true,"href":"https:\/\/www.fitshop.de\/blog\/wp-json\/wp\/v2\/categories?post=3273"},{"taxonomy":"post_tag","embeddable":true,"href":"https:\/\/www.fitshop.de\/blog\/wp-json\/wp\/v2\/tags?post=3273"},{"taxonomy":"author","embeddable":true,"href":"https:\/\/www.fitshop.de\/blog\/wp-json\/wp\/v2\/coauthors?post=3273"}],"curies":[{"name":"wp","href":"https:\/\/api.w.org\/{rel}","templated":true}]}}