{"id":222,"date":"2014-04-14T11:40:28","date_gmt":"2014-04-14T09:40:28","guid":{"rendered":"http:\/\/www.sport-tiedje.de\/blog\/?p=222"},"modified":"2020-12-03T13:08:20","modified_gmt":"2020-12-03T12:08:20","slug":"mitarbeiter-stellen-sich-vor-thomas-burmeister","status":"publish","type":"post","link":"https:\/\/www.fitshop.de\/blog\/2014\/04\/mitarbeiter-stellen-sich-vor-thomas-burmeister","title":{"rendered":"Mitarbeiter stellen sich vor &#8211; Heute: Thomas Burmeister"},"content":{"rendered":"<p style=\"text-align: justify;\">Bei Sport-Tiedje tut sich eine Menge. Der <strong>Technikleiter<\/strong>, <strong>Thomas Burmeister<\/strong>, schaut f\u00fcr uns Jahre zur\u00fcck, und berichtet \u00fcber<strong> Inventuren im Garagenlager<\/strong>, den <strong>Umzug der Firmenzentrale<\/strong> und von anderen <strong>Anekdoten aus den Anfangsjahren<\/strong>.<\/p>\n<p dir=\"ltr\" style=\"text-align: justify;\"><!--more--><\/p>\n<p id=\"docs-internal-guid-0aba3935-f393-636f-37ec-3694a36ae85a\" dir=\"ltr\" style=\"text-align: justify;\">Im Mai 2005 kam ich als <strong>Service-Techniker zu Sport-Tiedje<\/strong>, die damals noch Sport-Tiedje Internet GmbH hie\u00df. Als Schleswiger war mir Sport-Tiedje schon aus der Kindheit ein Begriff. Schon als Nachwuchskicker kaufte ich dort meine Fu\u00dfballschuhe. Damals war ich immer fasziniert \u00fcber die sich bis zur Decke gestapelten Schuhkartons. Von <a href=\"https:\/\/www.sport-tiedje.de\" data-wpel-link=\"external\" target=\"_blank\" rel=\"external noopener noreferrer\">Fitnessger\u00e4ten<\/a> war damals aber noch nichts zu sehen.<\/p>\n<p dir=\"ltr\" style=\"text-align: justify;\">Als ich angefangen habe war das Gesch\u00e4ft mit Fitness-Ger\u00e4ten gerade im Aufbau. Es gab je zwei Techniker im Innen- und Au\u00dfendienst. Unsere Werkstatt war eine <strong>Garage<\/strong> von gerade mal <strong>20 Quadratmetern<\/strong>, die auch noch als Packraum f\u00fcr die Pakete genutzt wurde. Aber in unsere Werkstatt kamen nur wenige Ger\u00e4te zur Reparatur. Den Gro\u00dfteil der Woche waren wir mit den Auslieferungen und dem Aufbau sowie kleineren Reparaturen beim Kunden besch\u00e4ftigt. Zus\u00e4tzlich haben wir auch noch den Technischen Service f\u00fcr die Hersteller <a href=\"https:\/\/www.fitshop.de\/de\/Bremshey-3147650856\" target=\"_blank\" rel=\"noopener noreferrer external\" data-wpel-link=\"external\">Bremshey<\/a> und <a href=\"https:\/\/www.fitshop.de\/de\/Tunturi-1738940896\" target=\"_blank\" rel=\"noopener noreferrer external\" data-wpel-link=\"external\">Tunturi<\/a> f\u00fcr den Bereich Schleswig-Holstein und Hamburg erledigt.<\/p>\n<p dir=\"ltr\" style=\"text-align: justify;\"><strong>Inventur als H\u00f6hlenforscher<\/strong><\/p>\n<div id=\"attachment_367\" style=\"width: 310px\" class=\"wp-caption alignleft\"><a href=\"https:\/\/www.fitshop.de\/blog\/wp-content\/uploads\/2014\/03\/PIC00409.jpg\" rel=\"lightbox[222]\" data-wpel-link=\"internal\"><img loading=\"lazy\" decoding=\"async\" aria-describedby=\"caption-attachment-367\" class=\"size-medium wp-image-367\" src=\"https:\/\/www.fitshop.de\/blog\/wp-content\/uploads\/2014\/03\/PIC00409-300x225.jpg\" alt=\"OLYMPUS DIGITAL CAMERA\" width=\"300\" height=\"225\" srcset=\"https:\/\/www.fitshop.de\/blog\/wp-content\/uploads\/2014\/03\/PIC00409-300x225.jpg 300w, https:\/\/www.fitshop.de\/blog\/wp-content\/uploads\/2014\/03\/PIC00409-1024x768.jpg 1024w, https:\/\/www.fitshop.de\/blog\/wp-content\/uploads\/2014\/03\/PIC00409-624x468.jpg 624w, https:\/\/www.fitshop.de\/blog\/wp-content\/uploads\/2014\/03\/PIC00409.jpg 1280w\" sizes=\"auto, (max-width: 300px) 100vw, 300px\" \/><\/a><p id=\"caption-attachment-367\" class=\"wp-caption-text\">Altes Lager von Sport-Tiedje<\/p><\/div>\n<p dir=\"ltr\" style=\"text-align: justify;\">Die spannendste Frage vor einer Auslieferung war immer, ob das Ger\u00e4t in unserem Garagenlager gut zug\u00e4nglich war oder aber ein kompletter Gang (wenn die Regale voll waren, wurden auch die G\u00e4nge mit Ware bef\u00fcllt) leergefahren werden mu\u00dfte. Ein Highlight waren Mitte der 2000er Jahre auch die Inventuren. In der Regel fanden diese an einem Freitag nach 16:30 statt und dauerten bis in den sp\u00e4ten Abend hinein. Wir stiefelten in Zweiergruppen, bewaffnet mit Klemmbrett und Taschen- oder Kopflampe, durch das mit der Zeit enorm gewachsene Lager. Wir kletterten in den Regalen herum und \u00fcberstiegen mehrere Paletten mit Ger\u00e4ten, um dann auch an unsere A2 <a href=\"https:\/\/www.fitshop.de\/ergometer\" data-wpel-link=\"external\" target=\"_blank\" rel=\"external noopener noreferrer\">Ergometer<\/a> zu gelangen, die in der hintersten, dunkelsten und schwerst zug\u00e4nglichen Ecke gelagert waren. Wir f\u00fchlten uns mit unseren Kopflampen fast wie H\u00f6hlenforscher. Man musste sein Bestes geben, um wirklich alle Ger\u00e4te zu erfassen. Einer z\u00e4hlte und der Z\u00e4hlpartner f\u00fchrte dann sorgf\u00e4ltig Strichliste.<\/p>\n<div id=\"attachment_368\" style=\"width: 310px\" class=\"wp-caption alignright\"><a href=\"https:\/\/www.fitshop.de\/blog\/wp-content\/uploads\/2014\/03\/Tiedje-2.jpg\" rel=\"lightbox[222]\" data-wpel-link=\"internal\"><img loading=\"lazy\" decoding=\"async\" aria-describedby=\"caption-attachment-368\" class=\"size-medium wp-image-368 \" src=\"https:\/\/www.fitshop.de\/blog\/wp-content\/uploads\/2014\/03\/Tiedje-2-300x225.jpg\" alt=\"Tiedje (2)\" width=\"300\" height=\"225\" srcset=\"https:\/\/www.fitshop.de\/blog\/wp-content\/uploads\/2014\/03\/Tiedje-2-300x225.jpg 300w, https:\/\/www.fitshop.de\/blog\/wp-content\/uploads\/2014\/03\/Tiedje-2-1024x768.jpg 1024w, https:\/\/www.fitshop.de\/blog\/wp-content\/uploads\/2014\/03\/Tiedje-2-624x467.jpg 624w\" sizes=\"auto, (max-width: 300px) 100vw, 300px\" \/><\/a><p id=\"caption-attachment-368\" class=\"wp-caption-text\">Umzug in die Heinrich-Hertz-Stra\u00dfe<\/p><\/div>\n<p dir=\"ltr\" style=\"text-align: justify;\">Zu der Zeit war jeden Tag sp\u00fcrbar, wie sich die Firma weiterentwickelte. Es wurden zahlreiche neue Filialen er\u00f6ffnet, Strukturen \u00e4nderten sich und die Mitarbeiteranzahl stieg stetig an. Auch unser Sortiment ver\u00e4nderte sich und es wurden viele weitere Bereiche aufge-nommen, was zu unserem Leid die Platzsituation im Lager nicht einfacher machte, obwohl wir zwischenzeitlich <span style=\"color: #000000;\">800 <\/span>Quadratmeter Lagerfl\u00e4che hatten. Trotzdem wurde mit allen Mitteln neuer Platz geschaffen. So machten wir aus einer Wohnung B\u00fcror\u00e4ume, die Flure haben wir mit Leichtbauw\u00e4nden getrennt. Als Techniker war man damals eben M\u00e4dchen f\u00fcr alles.<\/p>\n<p dir=\"ltr\" style=\"text-align: justify;\"><strong>Leiter der neuen Werkstatt<\/strong><\/p>\n<p dir=\"ltr\" style=\"text-align: justify;\">Mit der Entwicklung des Unternehmens nahm auch meine Entwicklung ihren Lauf. Begonnen im Au\u00dfendienst, wechselte ich in den Innendienst und wurde stellvertrender Serviceleiter. Fortan war ich f\u00fcr die Abwicklung von Reklamationen zust\u00e4ndig. Da wir &#8211; anders als heute &#8211;\u00a0au\u00dfer unserem Warenwirtschaftssystem noch keine andere Software hatten, f\u00fchrten wir f\u00fcr die Retouren ein Zettelsystem ein, das st\u00e4ndig \u00fcberarbeitet werden mu\u00dfte und sehr m\u00fchsam zu pflegen war.<\/p>\n<div id=\"attachment_401\" style=\"width: 310px\" class=\"wp-caption alignleft\"><a href=\"https:\/\/www.fitshop.de\/blog\/wp-content\/uploads\/2014\/04\/Tiedje-33.jpg\" rel=\"lightbox[222]\" data-wpel-link=\"internal\"><img loading=\"lazy\" decoding=\"async\" aria-describedby=\"caption-attachment-401\" class=\"size-medium wp-image-401\" src=\"https:\/\/www.fitshop.de\/blog\/wp-content\/uploads\/2014\/04\/Tiedje-33-300x225.jpg\" alt=\"Tiedje (33)\" width=\"300\" height=\"225\" srcset=\"https:\/\/www.fitshop.de\/blog\/wp-content\/uploads\/2014\/04\/Tiedje-33-300x225.jpg 300w, https:\/\/www.fitshop.de\/blog\/wp-content\/uploads\/2014\/04\/Tiedje-33-1024x768.jpg 1024w, https:\/\/www.fitshop.de\/blog\/wp-content\/uploads\/2014\/04\/Tiedje-33-624x467.jpg 624w\" sizes=\"auto, (max-width: 300px) 100vw, 300px\" \/><\/a><p id=\"caption-attachment-401\" class=\"wp-caption-text\">Aktuelle Sport-Tiedje Zentrale (Flensburger Stra\u00dfe) in der Einrichtungsphase<\/p><\/div>\n<p dir=\"ltr\" style=\"text-align: justify;\">Im Mai 2009 stand dann der gro\u00dfe Umzug der Zentrale in die Flensburger Stra\u00dfe an, wo sie sich heute noch befindet. Kurz darauf zog auch das Lager zum aktuellen Standort nach B\u00fcdelsdorf. F\u00fcr mich begann damit ein neuer Abschnitt. Als Werkstatt wurde eine alte Produktionshalle angemietet, wo ich Werkstattleiter wurde. In der Werkstatt werden haupts\u00e4chlich Retourger\u00e4te repariert, 2. Wahl-Ger\u00e4te gepr\u00fcft, Wartungen durchgef\u00fchrt und Komfortlieferungen vorbe-reitet. Wir starteten mit sechs Technikern und steigerten uns mit der Zeit bis auf eine Personalst\u00e4rke von zehn Kollegen.<\/p>\n<p dir=\"ltr\" style=\"text-align: justify;\">Anfangs hatten wir mit den zahlreichen Ger\u00e4ten zu k\u00e4mpfen, die durch einen Wasserschaden am alten Standort in Mitleidenschaft gezogen wurden. Au\u00dferdem hatten sich wegen der Umz\u00fcge einige Retourger\u00e4ten angesammelt. An Arbeit mangelte es uns nie.<\/p>\n<p style=\"text-align: justify;\">Nach einigen auch sehr kalten Jahren &#8211; unsere Werkstatt war nur beheizt, die gro\u00dfe Halle erst sp\u00e4ter &#8211; kamen im Mai 2013 neue Aufgabenbereiche auf mich zu. Seitdem bin ich f\u00fcr das gesamte Qualit\u00e4ts- und Produktmanagement f\u00fcr unsere Eigenmarken cardiostrong und Taurus zust\u00e4ndig und bin stellvertretender Technikleiter. Bei allen Fragen und Anregungen zu unseren Produkten berate und helfe ich den Kunden, wo ich nur kann. Vor allem, und das ist eine M\u00f6glichkeit, die nicht alle Hersteller haben, kann ich Verbesserungsvorschl\u00e4ge unserer Kunden relativ schnell und direkt in unseren Produktlinien umsetzen. Das macht diese Aufgabe besonders spannend. \u00dcbrigens k\u00f6nnt ihr <a title=\"Hinter den Kulissen in der cardiostrong Laufbandproduktion\" href=\"https:\/\/www.fitshop.de\/blog\/2015\/12\/hinter-den-kulissen-in-der-cardiostrong-laufbandproduktion\/\" target=\"_blank\" rel=\"noopener noreferrer\" data-wpel-link=\"internal\">hier<\/a> sehen, wie und wo unsere Produkte der Marke cardiostrong hergestellt werden.<\/p>\n<p style=\"text-align: justify;\">Seit 1. April 2014 bin ich nun Abteilungsleiter der Service-Technik und freue mich schon auf die neue Herausforderung.<\/p>\n","protected":false},"excerpt":{"rendered":"<p>Bei Sport-Tiedje tut sich eine Menge. Der Technikleiter, Thomas Burmeister, schaut f\u00fcr uns Jahre zur\u00fcck, und berichtet \u00fcber Inventuren im Garagenlager, den Umzug der Firmenzentrale und von anderen Anekdoten aus den Anfangsjahren.<\/p>\n","protected":false},"author":4,"featured_media":544,"comment_status":"open","ping_status":"open","sticky":false,"template":"","format":"standard","meta":{"footnotes":""},"categories":[7],"tags":[55,56,54,57],"coauthors":[115],"class_list":["post-222","post","type-post","status-publish","format-standard","has-post-thumbnail","hentry","category-wir_bei_fitshop","tag-historie","tag-mitarbeiter","tag-sport-tiedje","tag-technik"],"yoast_head":"<!-- This site is optimized with the Yoast SEO plugin v27.4 - https:\/\/yoast.com\/product\/yoast-seo-wordpress\/ -->\n<title>Mitarbeiter stellen sich vor - Heute: Thomas Burmeister - Fitshop - Das Fitness Blog<\/title>\n<meta name=\"description\" content=\"Mitarbeiter stellen sich vor - Sport-Tiedje \u2705 Thomas Burmeister \u2705 Technikleiter \u2705 Anekdoten aus den Anfangsjahren\" \/>\n<meta name=\"robots\" content=\"index, follow, max-snippet:-1, max-image-preview:large, max-video-preview:-1\" \/>\n<link rel=\"canonical\" href=\"https:\/\/www.fitshop.de\/blog\/2014\/04\/mitarbeiter-stellen-sich-vor-thomas-burmeister\" \/>\n<meta property=\"og:locale\" content=\"de_DE\" \/>\n<meta property=\"og:type\" content=\"article\" \/>\n<meta property=\"og:title\" content=\"Mitarbeiter stellen sich vor - Heute: Thomas Burmeister - Fitshop - Das Fitness Blog\" \/>\n<meta property=\"og:description\" content=\"Mitarbeiter stellen sich vor - Sport-Tiedje \u2705 Thomas Burmeister \u2705 Technikleiter \u2705 Anekdoten aus den Anfangsjahren\" \/>\n<meta property=\"og:url\" content=\"https:\/\/www.fitshop.de\/blog\/2014\/04\/mitarbeiter-stellen-sich-vor-thomas-burmeister\" \/>\n<meta property=\"og:site_name\" content=\"Fitshop - Das Fitness Blog\" \/>\n<meta property=\"article:published_time\" content=\"2014-04-14T09:40:28+00:00\" \/>\n<meta property=\"article:modified_time\" content=\"2020-12-03T12:08:20+00:00\" \/>\n<meta property=\"og:image\" content=\"https:\/\/www.fitshop.de\/blog\/wp-content\/uploads\/2014\/04\/thomas_burmeister_2.jpg\" \/>\n\t<meta property=\"og:image:width\" content=\"175\" \/>\n\t<meta property=\"og:image:height\" content=\"224\" \/>\n\t<meta property=\"og:image:type\" content=\"image\/jpeg\" \/>\n<meta name=\"author\" content=\"Thore Ro\u00dfbach\" \/>\n<meta name=\"twitter:card\" content=\"summary_large_image\" \/>\n<meta name=\"twitter:label1\" content=\"Verfasst von\" \/>\n\t<meta name=\"twitter:data1\" content=\"Thore Ro\u00dfbach\" \/>\n\t<meta name=\"twitter:label2\" content=\"Gesch\u00e4tzte Lesezeit\" \/>\n\t<meta name=\"twitter:data2\" content=\"4\u00a0Minuten\" \/>\n\t<meta name=\"twitter:label3\" content=\"Written by\" \/>\n\t<meta name=\"twitter:data3\" content=\"Thore Ro\u00dfbach\" \/>\n<script type=\"application\/ld+json\" class=\"yoast-schema-graph\">{\"@context\":\"https:\\\/\\\/schema.org\",\"@graph\":[{\"@type\":\"Article\",\"@id\":\"https:\\\/\\\/www.fitshop.de\\\/blog\\\/2014\\\/04\\\/mitarbeiter-stellen-sich-vor-thomas-burmeister#article\",\"isPartOf\":{\"@id\":\"https:\\\/\\\/www.fitshop.de\\\/blog\\\/2014\\\/04\\\/mitarbeiter-stellen-sich-vor-thomas-burmeister\"},\"author\":{\"name\":\"Thore Ro\u00dfbach\",\"@id\":\"https:\\\/\\\/www.fitshop.de\\\/blog\\\/#\\\/schema\\\/person\\\/b89372ae593e0fde510d3d23c818434f\"},\"headline\":\"Mitarbeiter stellen sich vor &#8211; Heute: Thomas Burmeister\",\"datePublished\":\"2014-04-14T09:40:28+00:00\",\"dateModified\":\"2020-12-03T12:08:20+00:00\",\"mainEntityOfPage\":{\"@id\":\"https:\\\/\\\/www.fitshop.de\\\/blog\\\/2014\\\/04\\\/mitarbeiter-stellen-sich-vor-thomas-burmeister\"},\"wordCount\":843,\"commentCount\":1,\"publisher\":{\"@id\":\"https:\\\/\\\/www.fitshop.de\\\/blog\\\/#organization\"},\"image\":{\"@id\":\"https:\\\/\\\/www.fitshop.de\\\/blog\\\/2014\\\/04\\\/mitarbeiter-stellen-sich-vor-thomas-burmeister#primaryimage\"},\"thumbnailUrl\":\"https:\\\/\\\/www.fitshop.de\\\/blog\\\/wp-content\\\/uploads\\\/2014\\\/04\\\/thomas_burmeister_2.jpg\",\"keywords\":[\"Historie\",\"Mitarbeiter\",\"Sport-Tiedje\",\"Technik\"],\"articleSection\":[\"Wir bei Fitshop\"],\"inLanguage\":\"de\",\"potentialAction\":[{\"@type\":\"CommentAction\",\"name\":\"Comment\",\"target\":[\"https:\\\/\\\/www.fitshop.de\\\/blog\\\/2014\\\/04\\\/mitarbeiter-stellen-sich-vor-thomas-burmeister#respond\"]}]},{\"@type\":\"WebPage\",\"@id\":\"https:\\\/\\\/www.fitshop.de\\\/blog\\\/2014\\\/04\\\/mitarbeiter-stellen-sich-vor-thomas-burmeister\",\"url\":\"https:\\\/\\\/www.fitshop.de\\\/blog\\\/2014\\\/04\\\/mitarbeiter-stellen-sich-vor-thomas-burmeister\",\"name\":\"Mitarbeiter stellen sich vor - Heute: Thomas Burmeister - Fitshop - Das Fitness Blog\",\"isPartOf\":{\"@id\":\"https:\\\/\\\/www.fitshop.de\\\/blog\\\/#website\"},\"primaryImageOfPage\":{\"@id\":\"https:\\\/\\\/www.fitshop.de\\\/blog\\\/2014\\\/04\\\/mitarbeiter-stellen-sich-vor-thomas-burmeister#primaryimage\"},\"image\":{\"@id\":\"https:\\\/\\\/www.fitshop.de\\\/blog\\\/2014\\\/04\\\/mitarbeiter-stellen-sich-vor-thomas-burmeister#primaryimage\"},\"thumbnailUrl\":\"https:\\\/\\\/www.fitshop.de\\\/blog\\\/wp-content\\\/uploads\\\/2014\\\/04\\\/thomas_burmeister_2.jpg\",\"datePublished\":\"2014-04-14T09:40:28+00:00\",\"dateModified\":\"2020-12-03T12:08:20+00:00\",\"description\":\"Mitarbeiter stellen sich vor - Sport-Tiedje \u2705 Thomas Burmeister \u2705 Technikleiter \u2705 Anekdoten aus den Anfangsjahren\",\"breadcrumb\":{\"@id\":\"https:\\\/\\\/www.fitshop.de\\\/blog\\\/2014\\\/04\\\/mitarbeiter-stellen-sich-vor-thomas-burmeister#breadcrumb\"},\"inLanguage\":\"de\",\"potentialAction\":[{\"@type\":\"ReadAction\",\"target\":[\"https:\\\/\\\/www.fitshop.de\\\/blog\\\/2014\\\/04\\\/mitarbeiter-stellen-sich-vor-thomas-burmeister\"]}]},{\"@type\":\"ImageObject\",\"inLanguage\":\"de\",\"@id\":\"https:\\\/\\\/www.fitshop.de\\\/blog\\\/2014\\\/04\\\/mitarbeiter-stellen-sich-vor-thomas-burmeister#primaryimage\",\"url\":\"https:\\\/\\\/www.fitshop.de\\\/blog\\\/wp-content\\\/uploads\\\/2014\\\/04\\\/thomas_burmeister_2.jpg\",\"contentUrl\":\"https:\\\/\\\/www.fitshop.de\\\/blog\\\/wp-content\\\/uploads\\\/2014\\\/04\\\/thomas_burmeister_2.jpg\",\"width\":175,\"height\":224,\"caption\":\"Technikleiter Thomas Burmeister\"},{\"@type\":\"BreadcrumbList\",\"@id\":\"https:\\\/\\\/www.fitshop.de\\\/blog\\\/2014\\\/04\\\/mitarbeiter-stellen-sich-vor-thomas-burmeister#breadcrumb\",\"itemListElement\":[{\"@type\":\"ListItem\",\"position\":1,\"name\":\"Home\",\"item\":\"https:\\\/\\\/www.fitshop.de\\\/blog\"},{\"@type\":\"ListItem\",\"position\":2,\"name\":\"Mitarbeiter stellen sich vor &#8211; Heute: Thomas Burmeister\"}]},{\"@type\":\"WebSite\",\"@id\":\"https:\\\/\\\/www.fitshop.de\\\/blog\\\/#website\",\"url\":\"https:\\\/\\\/www.fitshop.de\\\/blog\\\/\",\"name\":\"Fitshop - Das Fitness Blog\",\"description\":\"\",\"publisher\":{\"@id\":\"https:\\\/\\\/www.fitshop.de\\\/blog\\\/#organization\"},\"potentialAction\":[{\"@type\":\"SearchAction\",\"target\":{\"@type\":\"EntryPoint\",\"urlTemplate\":\"https:\\\/\\\/www.fitshop.de\\\/blog\\\/?s={search_term_string}\"},\"query-input\":{\"@type\":\"PropertyValueSpecification\",\"valueRequired\":true,\"valueName\":\"search_term_string\"}}],\"inLanguage\":\"de\"},{\"@type\":\"Organization\",\"@id\":\"https:\\\/\\\/www.fitshop.de\\\/blog\\\/#organization\",\"name\":\"Fitshop\",\"url\":\"https:\\\/\\\/www.fitshop.de\\\/blog\\\/\",\"logo\":{\"@type\":\"ImageObject\",\"inLanguage\":\"de\",\"@id\":\"https:\\\/\\\/www.fitshop.de\\\/blog\\\/#\\\/schema\\\/logo\\\/image\\\/\",\"url\":\"https:\\\/\\\/www.fitshop.de\\\/blog\\\/wp-content\\\/uploads\\\/2024\\\/05\\\/logo-fitshop-blog.png\",\"contentUrl\":\"https:\\\/\\\/www.fitshop.de\\\/blog\\\/wp-content\\\/uploads\\\/2024\\\/05\\\/logo-fitshop-blog.png\",\"width\":696,\"height\":696,\"caption\":\"Fitshop\"},\"image\":{\"@id\":\"https:\\\/\\\/www.fitshop.de\\\/blog\\\/#\\\/schema\\\/logo\\\/image\\\/\"}},{\"@type\":\"Person\",\"@id\":\"https:\\\/\\\/www.fitshop.de\\\/blog\\\/#\\\/schema\\\/person\\\/b89372ae593e0fde510d3d23c818434f\",\"name\":\"Thore Ro\u00dfbach\",\"image\":{\"@type\":\"ImageObject\",\"inLanguage\":\"de\",\"@id\":\"https:\\\/\\\/secure.gravatar.com\\\/avatar\\\/58135aa58ffa2f6057a4498331cfa59aa943388d75bad5150c6e6a7433baccec?s=96&d=mm&r=g681e8d4f6ef3a24597dbf7fbbb4822a4\",\"url\":\"https:\\\/\\\/secure.gravatar.com\\\/avatar\\\/58135aa58ffa2f6057a4498331cfa59aa943388d75bad5150c6e6a7433baccec?s=96&d=mm&r=g\",\"contentUrl\":\"https:\\\/\\\/secure.gravatar.com\\\/avatar\\\/58135aa58ffa2f6057a4498331cfa59aa943388d75bad5150c6e6a7433baccec?s=96&d=mm&r=g\",\"caption\":\"Thore Ro\u00dfbach\"},\"description\":\"Online-Redakteur\",\"url\":\"https:\\\/\\\/www.fitshop.de\\\/blog\\\/author\\\/tro\"}]}<\/script>\n<!-- \/ Yoast SEO plugin. -->","yoast_head_json":{"title":"Mitarbeiter stellen sich vor - Heute: Thomas Burmeister - Fitshop - Das Fitness Blog","description":"Mitarbeiter stellen sich vor - Sport-Tiedje \u2705 Thomas Burmeister \u2705 Technikleiter \u2705 Anekdoten aus den Anfangsjahren","robots":{"index":"index","follow":"follow","max-snippet":"max-snippet:-1","max-image-preview":"max-image-preview:large","max-video-preview":"max-video-preview:-1"},"canonical":"https:\/\/www.fitshop.de\/blog\/2014\/04\/mitarbeiter-stellen-sich-vor-thomas-burmeister","og_locale":"de_DE","og_type":"article","og_title":"Mitarbeiter stellen sich vor - Heute: Thomas Burmeister - Fitshop - Das Fitness Blog","og_description":"Mitarbeiter stellen sich vor - Sport-Tiedje \u2705 Thomas Burmeister \u2705 Technikleiter \u2705 Anekdoten aus den Anfangsjahren","og_url":"https:\/\/www.fitshop.de\/blog\/2014\/04\/mitarbeiter-stellen-sich-vor-thomas-burmeister","og_site_name":"Fitshop - Das Fitness Blog","article_published_time":"2014-04-14T09:40:28+00:00","article_modified_time":"2020-12-03T12:08:20+00:00","og_image":[{"width":175,"height":224,"url":"https:\/\/www.fitshop.de\/blog\/wp-content\/uploads\/2014\/04\/thomas_burmeister_2.jpg","type":"image\/jpeg"}],"author":"Thore Ro\u00dfbach","twitter_card":"summary_large_image","twitter_misc":{"Verfasst von":"Thore Ro\u00dfbach","Gesch\u00e4tzte Lesezeit":"4\u00a0Minuten","Written by":"Thore Ro\u00dfbach"},"schema":{"@context":"https:\/\/schema.org","@graph":[{"@type":"Article","@id":"https:\/\/www.fitshop.de\/blog\/2014\/04\/mitarbeiter-stellen-sich-vor-thomas-burmeister#article","isPartOf":{"@id":"https:\/\/www.fitshop.de\/blog\/2014\/04\/mitarbeiter-stellen-sich-vor-thomas-burmeister"},"author":{"name":"Thore Ro\u00dfbach","@id":"https:\/\/www.fitshop.de\/blog\/#\/schema\/person\/b89372ae593e0fde510d3d23c818434f"},"headline":"Mitarbeiter stellen sich vor &#8211; Heute: Thomas Burmeister","datePublished":"2014-04-14T09:40:28+00:00","dateModified":"2020-12-03T12:08:20+00:00","mainEntityOfPage":{"@id":"https:\/\/www.fitshop.de\/blog\/2014\/04\/mitarbeiter-stellen-sich-vor-thomas-burmeister"},"wordCount":843,"commentCount":1,"publisher":{"@id":"https:\/\/www.fitshop.de\/blog\/#organization"},"image":{"@id":"https:\/\/www.fitshop.de\/blog\/2014\/04\/mitarbeiter-stellen-sich-vor-thomas-burmeister#primaryimage"},"thumbnailUrl":"https:\/\/www.fitshop.de\/blog\/wp-content\/uploads\/2014\/04\/thomas_burmeister_2.jpg","keywords":["Historie","Mitarbeiter","Sport-Tiedje","Technik"],"articleSection":["Wir bei Fitshop"],"inLanguage":"de","potentialAction":[{"@type":"CommentAction","name":"Comment","target":["https:\/\/www.fitshop.de\/blog\/2014\/04\/mitarbeiter-stellen-sich-vor-thomas-burmeister#respond"]}]},{"@type":"WebPage","@id":"https:\/\/www.fitshop.de\/blog\/2014\/04\/mitarbeiter-stellen-sich-vor-thomas-burmeister","url":"https:\/\/www.fitshop.de\/blog\/2014\/04\/mitarbeiter-stellen-sich-vor-thomas-burmeister","name":"Mitarbeiter stellen sich vor - Heute: Thomas Burmeister - Fitshop - Das Fitness Blog","isPartOf":{"@id":"https:\/\/www.fitshop.de\/blog\/#website"},"primaryImageOfPage":{"@id":"https:\/\/www.fitshop.de\/blog\/2014\/04\/mitarbeiter-stellen-sich-vor-thomas-burmeister#primaryimage"},"image":{"@id":"https:\/\/www.fitshop.de\/blog\/2014\/04\/mitarbeiter-stellen-sich-vor-thomas-burmeister#primaryimage"},"thumbnailUrl":"https:\/\/www.fitshop.de\/blog\/wp-content\/uploads\/2014\/04\/thomas_burmeister_2.jpg","datePublished":"2014-04-14T09:40:28+00:00","dateModified":"2020-12-03T12:08:20+00:00","description":"Mitarbeiter stellen sich vor - Sport-Tiedje \u2705 Thomas Burmeister \u2705 Technikleiter \u2705 Anekdoten aus den Anfangsjahren","breadcrumb":{"@id":"https:\/\/www.fitshop.de\/blog\/2014\/04\/mitarbeiter-stellen-sich-vor-thomas-burmeister#breadcrumb"},"inLanguage":"de","potentialAction":[{"@type":"ReadAction","target":["https:\/\/www.fitshop.de\/blog\/2014\/04\/mitarbeiter-stellen-sich-vor-thomas-burmeister"]}]},{"@type":"ImageObject","inLanguage":"de","@id":"https:\/\/www.fitshop.de\/blog\/2014\/04\/mitarbeiter-stellen-sich-vor-thomas-burmeister#primaryimage","url":"https:\/\/www.fitshop.de\/blog\/wp-content\/uploads\/2014\/04\/thomas_burmeister_2.jpg","contentUrl":"https:\/\/www.fitshop.de\/blog\/wp-content\/uploads\/2014\/04\/thomas_burmeister_2.jpg","width":175,"height":224,"caption":"Technikleiter Thomas Burmeister"},{"@type":"BreadcrumbList","@id":"https:\/\/www.fitshop.de\/blog\/2014\/04\/mitarbeiter-stellen-sich-vor-thomas-burmeister#breadcrumb","itemListElement":[{"@type":"ListItem","position":1,"name":"Home","item":"https:\/\/www.fitshop.de\/blog"},{"@type":"ListItem","position":2,"name":"Mitarbeiter stellen sich vor &#8211; Heute: Thomas Burmeister"}]},{"@type":"WebSite","@id":"https:\/\/www.fitshop.de\/blog\/#website","url":"https:\/\/www.fitshop.de\/blog\/","name":"Fitshop - Das Fitness Blog","description":"","publisher":{"@id":"https:\/\/www.fitshop.de\/blog\/#organization"},"potentialAction":[{"@type":"SearchAction","target":{"@type":"EntryPoint","urlTemplate":"https:\/\/www.fitshop.de\/blog\/?s={search_term_string}"},"query-input":{"@type":"PropertyValueSpecification","valueRequired":true,"valueName":"search_term_string"}}],"inLanguage":"de"},{"@type":"Organization","@id":"https:\/\/www.fitshop.de\/blog\/#organization","name":"Fitshop","url":"https:\/\/www.fitshop.de\/blog\/","logo":{"@type":"ImageObject","inLanguage":"de","@id":"https:\/\/www.fitshop.de\/blog\/#\/schema\/logo\/image\/","url":"https:\/\/www.fitshop.de\/blog\/wp-content\/uploads\/2024\/05\/logo-fitshop-blog.png","contentUrl":"https:\/\/www.fitshop.de\/blog\/wp-content\/uploads\/2024\/05\/logo-fitshop-blog.png","width":696,"height":696,"caption":"Fitshop"},"image":{"@id":"https:\/\/www.fitshop.de\/blog\/#\/schema\/logo\/image\/"}},{"@type":"Person","@id":"https:\/\/www.fitshop.de\/blog\/#\/schema\/person\/b89372ae593e0fde510d3d23c818434f","name":"Thore Ro\u00dfbach","image":{"@type":"ImageObject","inLanguage":"de","@id":"https:\/\/secure.gravatar.com\/avatar\/58135aa58ffa2f6057a4498331cfa59aa943388d75bad5150c6e6a7433baccec?s=96&d=mm&r=g681e8d4f6ef3a24597dbf7fbbb4822a4","url":"https:\/\/secure.gravatar.com\/avatar\/58135aa58ffa2f6057a4498331cfa59aa943388d75bad5150c6e6a7433baccec?s=96&d=mm&r=g","contentUrl":"https:\/\/secure.gravatar.com\/avatar\/58135aa58ffa2f6057a4498331cfa59aa943388d75bad5150c6e6a7433baccec?s=96&d=mm&r=g","caption":"Thore Ro\u00dfbach"},"description":"Online-Redakteur","url":"https:\/\/www.fitshop.de\/blog\/author\/tro"}]}},"_links":{"self":[{"href":"https:\/\/www.fitshop.de\/blog\/wp-json\/wp\/v2\/posts\/222","targetHints":{"allow":["GET"]}}],"collection":[{"href":"https:\/\/www.fitshop.de\/blog\/wp-json\/wp\/v2\/posts"}],"about":[{"href":"https:\/\/www.fitshop.de\/blog\/wp-json\/wp\/v2\/types\/post"}],"author":[{"embeddable":true,"href":"https:\/\/www.fitshop.de\/blog\/wp-json\/wp\/v2\/users\/4"}],"replies":[{"embeddable":true,"href":"https:\/\/www.fitshop.de\/blog\/wp-json\/wp\/v2\/comments?post=222"}],"version-history":[{"count":24,"href":"https:\/\/www.fitshop.de\/blog\/wp-json\/wp\/v2\/posts\/222\/revisions"}],"predecessor-version":[{"id":16514,"href":"https:\/\/www.fitshop.de\/blog\/wp-json\/wp\/v2\/posts\/222\/revisions\/16514"}],"wp:featuredmedia":[{"embeddable":true,"href":"https:\/\/www.fitshop.de\/blog\/wp-json\/wp\/v2\/media\/544"}],"wp:attachment":[{"href":"https:\/\/www.fitshop.de\/blog\/wp-json\/wp\/v2\/media?parent=222"}],"wp:term":[{"taxonomy":"category","embeddable":true,"href":"https:\/\/www.fitshop.de\/blog\/wp-json\/wp\/v2\/categories?post=222"},{"taxonomy":"post_tag","embeddable":true,"href":"https:\/\/www.fitshop.de\/blog\/wp-json\/wp\/v2\/tags?post=222"},{"taxonomy":"author","embeddable":true,"href":"https:\/\/www.fitshop.de\/blog\/wp-json\/wp\/v2\/coauthors?post=222"}],"curies":[{"name":"wp","href":"https:\/\/api.w.org\/{rel}","templated":true}]}}