{"id":1670,"date":"2014-07-21T15:32:32","date_gmt":"2014-07-21T13:32:32","guid":{"rendered":"http:\/\/www.sport-tiedje.de\/blog\/?p=1670"},"modified":"2020-12-02T13:04:57","modified_gmt":"2020-12-02T12:04:57","slug":"einfach-gut-vorbereitet-mit-marc-boehnke-im-gespraech","status":"publish","type":"post","link":"https:\/\/www.fitshop.de\/blog\/2014\/07\/einfach-gut-vorbereitet-mit-marc-boehnke-im-gespraech","title":{"rendered":"Einfach gut Vorbereitet! &#8211; Mit Marc B\u00f6hnke im Gespr\u00e4ch"},"content":{"rendered":"<p>Die deutschen Fu\u00dfballer sind nach ihrem WM-Titel gerade erst in den verdienten Sommerurlaub gegangen, da f\u00e4ngt f\u00fcr die Fu\u00dfballer unterhalb der Lizenzligen die Saison schon wieder an. Auch wenn sie nicht aktiv dabei waren, ist aufgrund der WM die Vorbereitungsphase bei einigen Vereinen in diesem Jahr recht kurz ausgefallen. Seit dem 24.05.2014 sollten die Spieler regenerieren, ihre kleinen Verletzungen ausheilen lassen und sich auf die kommende Saison vorbereiten. Ist das \u00fcberhaupt machbar?<br \/>\n<!--more--><br \/>\nWie genau eine Vorbereitung in einer Regionalliga-Mannschaft aussieht, erfahrt ihr hier. Ich habe Informationen aus erster Hand, die ich gerne mit euch teilen m\u00f6chte.<\/p>\n<p>Mit Marc B\u00f6hnke, einem unserer Eink\u00e4ufer, haben wir einen Regionalliga-Spieler unter unseren Mitarbeitern, der auch in der n\u00e4chsten Saison f\u00fcr den ETSV Weiche Flensburg als Kapit\u00e4n auflaufen wird. Ich hatte die Gelegenheit, ein kurzes Interview mit ihm zu f\u00fchren.<\/p>\n<p>Das Niveau in der Regionalliga ist sehr hoch. Die Mannschaften aus der 1. und 2. Bundesliga lassen ihre Nachwuchsmannschaften in der Regionalliga spielen und holen sie bei Bedarf in die 1. Mannschaft. Die Jungs sind bereits Vollprofis und k\u00f6nnen sich schon fr\u00fch komplett auf das Training konzentrieren. Der ETSV Weiche Flensburg hat keine 1. Mannschaft in der Deutschen Fu\u00dfball Liga. <strong>Sie sind die 1. Mannschaft.<\/strong><\/p>\n<p><strong>Marc, erst mal Gl\u00fcckwunsch zu der erfolgreich bestrittenen abgelaufenen Saison. Ihr habt es einigen der Gro\u00dfen gezeigt. Habt ihr mit Platz 6 euer Saisonziel erreicht?<\/strong><\/p>\n<div id=\"attachment_1677\" style=\"width: 241px\" class=\"wp-caption alignright\"><img loading=\"lazy\" decoding=\"async\" aria-describedby=\"caption-attachment-1677\" class=\"wp-image-1677\" src=\"https:\/\/www.fitshop.de\/blog\/wp-content\/uploads\/2014\/07\/Marc_B_02.jpg\" alt=\"Marc_B_02\" width=\"231\" height=\"221\" srcset=\"https:\/\/www.fitshop.de\/blog\/wp-content\/uploads\/2014\/07\/Marc_B_02.jpg 501w, https:\/\/www.fitshop.de\/blog\/wp-content\/uploads\/2014\/07\/Marc_B_02-300x286.jpg 300w, https:\/\/www.fitshop.de\/blog\/wp-content\/uploads\/2014\/07\/Marc_B_02-32x32.jpg 32w\" sizes=\"auto, (max-width: 231px) 100vw, 231px\" \/><p id=\"caption-attachment-1677\" class=\"wp-caption-text\">Immer mit dem Blick zum Mitspieler<\/p><\/div>\n<p><strong>Marc:<\/strong> Das Saisonziel f\u00fcr die Liga war: Die Platzierung des Vorjahres verbessern. Das haben wir geschafft, wir haben uns vom 7. auf den 6. Platz verbessert! Zeitweise wurden wir von Journalisten sogar mit der 3. Liga konfrontiert. \u00dcberraschend haben wir auch in der Halle gut abgeschlossen und sind nur ganz knapp am Einzug in den DFB-Pokal gescheitert.<\/p>\n<p>Unser Trainer ist zum \u201eTrainer des Jahres\u201c gew\u00e4hlt worden und wir stellen mit Matthias Hummel den Sportler des Jahres in Flensburg. Diese Auszeichnung geht normalerweise immer an die Handballer der SG Flensburg Handewitt. F\u00fcr die Mannschaft war die Saison sehr erfolgreich.<\/p>\n<p><strong>Wie ist die Saison f\u00fcr dich verlaufen?<\/strong><\/p>\n<p><strong>Marc:<\/strong> Bis zum 20. Spieltag habe ich jede Minute gespielt, danach setzen diverse Verletzungen ein, so dass ich in der R\u00fcckrunde nicht mehr jedes Spiel bestreiten konnte.<br \/>\nInsgesamt waren meinen Leistungen (Tore, Vorlagen, etc.) in der Vorsaison besser, was sich auch in der diesj\u00e4hrigen Wahl zum \u201eFu\u00dfballer des Jahres\u201c in Schleswig-Holstein widerspiegelt, ich belege nur noch Platz 9.<\/p>\n<p><strong>Eure Saison beginnt schon am 26.07.2014 mit einem Spiel gegen die 2. Mannschaft von St. Pauli. Bist du\/ seid ihr gut vorbereitet?<\/strong><\/p>\n<p><strong>Marc:<\/strong> Die Zeit zwischen Saisonende und dem Saisonstart war sehr kurz. Gerade mal acht Wochen sind vergangen seit dem letzten Saisonspiel. Nach nur vier Wochen Pause haben wir wieder mit dem Training begonnen. Zun\u00e4chst lag der Fokus noch auf dem Event-Testspiel gegen den HSV sowie auf einem wichtigen Pokalspiel. Anschlie\u00dfend mussten wir schauen, dass wir uns f\u00fcr die Saison fit machen. Es war nicht optimal, wir haben versucht das Beste rauszuholen und werden sehen, wie weit wir sind.<\/p>\n<p><strong>Was waren die Trainingsinhalte in der Vorbereitungsphase? Wie war sie aufgebaut?<\/strong><\/p>\n<p><strong>Marc:<\/strong> Die Vorbereitungszeit betrug insgesamt nur vier Wochen. Es war kaum Zeit, die Grundlagenausdauer zu trainieren. Wir gingen schnell zu den fu\u00dfballspezifischen Beanspruchungen \u00fcber. In den letzten Trainingseinheiten wurden dann immer mehr die Spritzigkeit sowie das Pass-Spiel und der Torabschluss fokussiert.<\/p>\n<p><strong>Wie oft in der Woche habt ihr trainiert?<\/strong><\/p>\n<p><strong>Marc:<\/strong> Inklusive der Testspiele haben wir in der Vorbereitung 5-6 Einheiten absolviert. Das ist schon ziemlich viel, wenn man bedenkt, dass wir keine Vollprofis sind. Wir gehen einem Beruf nach und haben Familie. Aus diesem Grund verzichten wir auch auf ein Trainingslager, wie es in den oberen Ligen normalerweise durchgef\u00fchrt wird.<\/p>\n<div id=\"attachment_1676\" style=\"width: 201px\" class=\"wp-caption alignleft\"><a href=\"https:\/\/www.fitshop.de\/blog\/wp-content\/uploads\/2014\/07\/Marc_B_-056.jpg\" rel=\"lightbox[1670]\" data-wpel-link=\"internal\"><img loading=\"lazy\" decoding=\"async\" aria-describedby=\"caption-attachment-1676\" class=\"wp-image-1676 size-full\" src=\"https:\/\/www.fitshop.de\/blog\/wp-content\/uploads\/2014\/07\/Marc_B_-056.jpg\" alt=\"Marc_B_ 056\" width=\"191\" height=\"240\"><\/a><p id=\"caption-attachment-1676\" class=\"wp-caption-text\">Der Kapit\u00e4n als K\u00e4mpfer und Antreiber<\/p><\/div>\n<p><strong>Wie viele Testspiele hattet ihr insgesamt? Welche Gegner wurden ausgew\u00e4hlt und warum?<\/strong><\/p>\n<p><strong>Marc:<\/strong> Wir haben 7 Testspiele gegen verschiedenste Gegner gemacht. Von der Kreisliga (B\u00fcdelsdorfer TSV) \u00fcber die d\u00e4nische Liga bis zur Bundesliga (Hamburger SV) waren Vereine dabei. Es war eine gute Mischung, bei der wir sowohl unsere Offensive, als auch die Defensive in Spielsituationen gut trainieren konnten.<\/p>\n<p><strong>Bekommt ihr neben dem Trainingsplan auch einen Ern\u00e4hrungsplan f\u00fcr die Vorbereitung bzw. die Saison, damit ihr eure Leistung noch steigern k\u00f6nnt?<\/strong><\/p>\n<p><strong>Marc:<\/strong> Es ist nicht direkt ein Ern\u00e4hrungsplan, den wir bekommen, aber es gibt schon ein paar Tipps, f\u00fcr unserer Ern\u00e4hrung in der Vorbereitungs- und Wettkampfperiode. Wir werden darauf hingewiesen, dass wir vor Training und Wettkampf unsere Kohlenhydratdepots auff\u00fcllen und ausreichend Fl\u00fcssigkeit zu uns nehmen. Powerbar Isotonic Drink vor dem Spiel und Energize Riegel in der Halbzeitpause sind zum festen Bestandteil unserer \u201eSportern\u00e4hrung\u201c geworden. Nach dem Spiel gibt es oft noch einen Recovery Drink, damit wir schneller regenerieren und ansonsten sollen wir uns ausgewogen ern\u00e4hren.<\/p>\n<p>Au\u00dferdem werden wir zu Beginn und am Ende der Vorbereitung gewogen, um eine gewissen Kontrolle zu haben.<\/p>\n<p><strong>Welche Ziele hat sich die Mannschaft f\u00fcr die kommende Saison gesteckt?<\/strong><\/p>\n<p>Marc: Eigentlich bleibt das Saisonziel das gleiche wie in der letzten Saison: Wir haben den Anspruch uns im Vergleich zur Vorsaison zu verbessern. D.h. mindestens Platz 5 in der Liga. Nachdem wir in den letzten 3 Jahren zweimal das Landespokalfinale nur knapp verloren haben, wollen wir nun den Pokalsieg, um endlich mal im DFB-Pokal zu spielen.<\/p>\n<p><strong>Wie sehen deine pers\u00f6nlichen Ziele f\u00fcr die n\u00e4chste Saison aus?<\/strong><\/p>\n<p><strong>Marc:<\/strong> F\u00fcr mich verlief die kurze Vorbereitung leider nicht wie gehofft. Bereits nach der ersten Trainingswoche bekam ich Schmerzen in beiden Sprunggelenken und der Ferse.<br \/>\nFast zwei Wochen konnte ich nicht mit der Mannschaft trainieren, sondern nur ein rehabilitatives Training im Fitnessstudio absolvieren: Langsames Laufen oder Indoorcycling auf der Trainingsfl\u00e4che anstatt Sprint- und Intervall-Training auf dem Rasen.<\/p>\n<p>Meine Ziele sind deshalb: Fit werden, Trainingsr\u00fcckstand aufholen und schnellstm\u00f6glich f\u00fcr die Startaufstellung nominiert werden. Dass ich bereits am Wochenende gegen St. Pauli starte, bezweifle ich, aber wie man bei der WM gesehen hat, sind auch die Einwechselspieler immer wieder erfolgreich gewesen.<\/p>\n<p>Ansonsten m\u00f6chte ich als Kapit\u00e4n wie in den Jahren zuvor auf und neben dem Platz als gutes Beispiel vorangehen. Neben guten Leistungen auf dem Platz geh\u00f6rt auch die Interessenvertretung der Mannschaft dazu.<\/p>\n<p><strong>Du bist nicht nur Kapit\u00e4n dieser Mannschaft, sondern mit deinen 30 Jahren auch der \u201eMannschafts-Opa\u201c. Kannst du mit den j\u00fcngeren noch mithalten?<\/strong><\/p>\n<div id=\"attachment_1678\" style=\"width: 263px\" class=\"wp-caption alignright\"><img loading=\"lazy\" decoding=\"async\" aria-describedby=\"caption-attachment-1678\" class=\"wp-image-1678\" src=\"https:\/\/www.fitshop.de\/blog\/wp-content\/uploads\/2014\/07\/Marc_B_c5088c5e45.jpg\" alt=\"Marc_B_c5088c5e45\" width=\"253\" height=\"224\" srcset=\"https:\/\/www.fitshop.de\/blog\/wp-content\/uploads\/2014\/07\/Marc_B_c5088c5e45.jpg 408w, https:\/\/www.fitshop.de\/blog\/wp-content\/uploads\/2014\/07\/Marc_B_c5088c5e45-300x266.jpg 300w\" sizes=\"auto, (max-width: 253px) 100vw, 253px\" \/><p id=\"caption-attachment-1678\" class=\"wp-caption-text\">Dank hoher Sprungkraft und Robustheit Sieger im Kopfballduell<\/p><\/div>\n<p><strong>Marc:<\/strong> Rein technisch konnte ich noch nie mit den anderen mithalten. \ud83d\ude09 Was hingegen die Schnelligkeit und Robustheit angeht sehr wohl. Letzteres habe ich mir allerdings auch hart erarbeitet. Als langj\u00e4hriges Mitglied im Fitnessstudio k\u00f6nnen sich meine Kraftwerte durchaus sehen lassen \ud83d\ude09<\/p>\n<p><strong>Das ist auf jeden Fall eine ehrliche Antwort. Du bist also kein \u201eBallk\u00fcnstler\u201c?<\/strong><br \/>\n<strong> Was denkst du, wie lange du auf dem Niveau noch weiterspielen kannst? Miroslav Klose ist gerade mit 36 Jahren noch Weltmeister geworden. \ud83d\ude42<\/strong><\/p>\n<p><strong>Marc:<\/strong> Vor Klose ziehe ich echt den Hut! Ich traue mir noch weitere 1-2 Jahre zu. Je nachdem, wie es sich mit der Gesundheit und dem Privatleben verh\u00e4lt. Fakt ist, dass die Regionalliga Nord mit ihren langen Ausw\u00e4rtsfahrten nach Goslar, Wolfsburg oder Meppen schon sehr viel Zeit in Anspruch nimmt.<\/p>\n<p>Au\u00dferdem schaffe ich es durch die Doppelbelastung von Beruf und Sport auch nicht immer, in jeder Trainingseinheit die volle Leistung abzurufen. Anstrengende B\u00fcrotage hinterlassen ihre Spuren und ich glaube, dass ich es mit dem \u00c4lterwerden immer schlechter kompensieren kann.<\/p>\n<hr>\n<p><em>Aus der Sportwissenschaft ist bekannt, das man, je \u00e4lter man wird, mehr Trainingszeit investieren muss, um seine Leistung zu halten und die k\u00f6rperlichen Voraussetzungen f\u00fcr den Leistungssport zu schaffen. Man ben\u00f6tigt auf der anderen Seite allerdings auch mehr Regenerationszeit, um sich von den Belastungen zu erholen&#8230;Ein Teufelskreis!<\/em><\/p>\n<hr>\n<p><strong>Als Vollprofi w\u00e4ren dann vielleicht noch ein paar Jahre mehr drin? Oder vielleicht die 3. Liga?<\/strong><\/p>\n<p>Diese Fragen lassen ich mal offen!<\/p>\n<p>Ich m\u00f6chte mich an dieser Stelle ganz herzlich bei Marc bedanken, dass er sich die Zeit f\u00fcr das Interview genommen hat. Ich spreche da bestimmt auch f\u00fcr viele andere, wenn ich dir sowie deiner Mannschaft viel Erfolg f\u00fcr die kommende Saison w\u00fcnsche.<\/p>\n<h3>Die Daumen sind gedr\u00fcckt!<\/h3>\n","protected":false},"excerpt":{"rendered":"<p>Die deutschen Fu\u00dfballer sind nach ihrem WM-Titel gerade erst in den verdienten Sommerurlaub gegangen, da f\u00e4ngt f\u00fcr die Fu\u00dfballer unterhalb der Lizenzligen die Saison schon wieder an. Auch wenn sie nicht aktiv dabei waren, ist aufgrund der WM die Vorbereitungsphase bei einigen Vereinen in diesem Jahr recht kurz ausgefallen. Seit dem 24.05.2014 sollten die Spieler [&hellip;]<\/p>\n","protected":false},"author":6,"featured_media":1674,"comment_status":"open","ping_status":"open","sticky":false,"template":"","format":"standard","meta":{"footnotes":""},"categories":[2,7],"tags":[212,213,196],"coauthors":[129],"class_list":["post-1670","post","type-post","status-publish","format-standard","has-post-thumbnail","hentry","category-trainingsraum","category-wir_bei_fitshop","tag-fussball","tag-marc-boehnke","tag-vorbereitung"],"yoast_head":"<!-- This site is optimized with the Yoast SEO plugin v27.5 - https:\/\/yoast.com\/product\/yoast-seo-wordpress\/ -->\n<title>Einfach gut Vorbereitet! - Mit Marc B\u00f6hnke im Gespr\u00e4ch - Fitshop - Das Fitness Blog<\/title>\n<meta name=\"description\" content=\"Einfach gut Vorbereitet! - Sport-Tiedje \u2705 Mit Marc B\u00f6hnke im Gespr\u00e4ch \u2705 Jetzt weiterlesen!\" \/>\n<meta name=\"robots\" content=\"index, follow, max-snippet:-1, max-image-preview:large, max-video-preview:-1\" \/>\n<link rel=\"canonical\" href=\"https:\/\/www.fitshop.de\/blog\/2014\/07\/einfach-gut-vorbereitet-mit-marc-boehnke-im-gespraech\" \/>\n<meta property=\"og:locale\" content=\"de_DE\" \/>\n<meta property=\"og:type\" content=\"article\" \/>\n<meta property=\"og:title\" content=\"Einfach gut Vorbereitet! - Mit Marc B\u00f6hnke im Gespr\u00e4ch - Fitshop - Das Fitness Blog\" \/>\n<meta property=\"og:description\" content=\"Einfach gut Vorbereitet! - Sport-Tiedje \u2705 Mit Marc B\u00f6hnke im Gespr\u00e4ch \u2705 Jetzt weiterlesen!\" \/>\n<meta property=\"og:url\" content=\"https:\/\/www.fitshop.de\/blog\/2014\/07\/einfach-gut-vorbereitet-mit-marc-boehnke-im-gespraech\" \/>\n<meta property=\"og:site_name\" content=\"Fitshop - Das Fitness Blog\" \/>\n<meta property=\"article:published_time\" content=\"2014-07-21T13:32:32+00:00\" \/>\n<meta property=\"article:modified_time\" content=\"2020-12-02T12:04:57+00:00\" \/>\n<meta property=\"og:image\" content=\"https:\/\/www.fitshop.de\/blog\/wp-content\/uploads\/2014\/07\/Marc_B_Header.jpg\" \/>\n\t<meta property=\"og:image:width\" content=\"300\" \/>\n\t<meta property=\"og:image:height\" content=\"168\" \/>\n\t<meta property=\"og:image:type\" content=\"image\/jpeg\" \/>\n<meta name=\"author\" content=\"Sarah Strege\" \/>\n<meta name=\"twitter:card\" content=\"summary_large_image\" \/>\n<meta name=\"twitter:label1\" content=\"Verfasst von\" \/>\n\t<meta name=\"twitter:data1\" content=\"Sarah Strege\" \/>\n\t<meta name=\"twitter:label2\" content=\"Gesch\u00e4tzte Lesezeit\" \/>\n\t<meta name=\"twitter:data2\" content=\"7\u00a0Minuten\" \/>\n\t<meta name=\"twitter:label3\" content=\"Written by\" \/>\n\t<meta name=\"twitter:data3\" content=\"Sarah Strege\" \/>\n<script type=\"application\/ld+json\" class=\"yoast-schema-graph\">{\"@context\":\"https:\\\/\\\/schema.org\",\"@graph\":[{\"@type\":\"Article\",\"@id\":\"https:\\\/\\\/www.fitshop.de\\\/blog\\\/2014\\\/07\\\/einfach-gut-vorbereitet-mit-marc-boehnke-im-gespraech#article\",\"isPartOf\":{\"@id\":\"https:\\\/\\\/www.fitshop.de\\\/blog\\\/2014\\\/07\\\/einfach-gut-vorbereitet-mit-marc-boehnke-im-gespraech\"},\"author\":{\"name\":\"Sarah Strege\",\"@id\":\"https:\\\/\\\/www.fitshop.de\\\/blog\\\/#\\\/schema\\\/person\\\/c4930aa2eadca379dc99dcb0ee0e091e\"},\"headline\":\"Einfach gut Vorbereitet! &#8211; Mit Marc B\u00f6hnke im Gespr\u00e4ch\",\"datePublished\":\"2014-07-21T13:32:32+00:00\",\"dateModified\":\"2020-12-02T12:04:57+00:00\",\"mainEntityOfPage\":{\"@id\":\"https:\\\/\\\/www.fitshop.de\\\/blog\\\/2014\\\/07\\\/einfach-gut-vorbereitet-mit-marc-boehnke-im-gespraech\"},\"wordCount\":1398,\"commentCount\":0,\"publisher\":{\"@id\":\"https:\\\/\\\/www.fitshop.de\\\/blog\\\/#organization\"},\"image\":{\"@id\":\"https:\\\/\\\/www.fitshop.de\\\/blog\\\/2014\\\/07\\\/einfach-gut-vorbereitet-mit-marc-boehnke-im-gespraech#primaryimage\"},\"thumbnailUrl\":\"https:\\\/\\\/www.fitshop.de\\\/blog\\\/wp-content\\\/uploads\\\/2014\\\/07\\\/Marc_B_Header.jpg\",\"keywords\":[\"Fussball\",\"Marc B\u00f6hnke\",\"Vorbereitung\"],\"articleSection\":[\"Trainingsraum\",\"Wir bei Fitshop\"],\"inLanguage\":\"de\",\"potentialAction\":[{\"@type\":\"CommentAction\",\"name\":\"Comment\",\"target\":[\"https:\\\/\\\/www.fitshop.de\\\/blog\\\/2014\\\/07\\\/einfach-gut-vorbereitet-mit-marc-boehnke-im-gespraech#respond\"]}]},{\"@type\":\"WebPage\",\"@id\":\"https:\\\/\\\/www.fitshop.de\\\/blog\\\/2014\\\/07\\\/einfach-gut-vorbereitet-mit-marc-boehnke-im-gespraech\",\"url\":\"https:\\\/\\\/www.fitshop.de\\\/blog\\\/2014\\\/07\\\/einfach-gut-vorbereitet-mit-marc-boehnke-im-gespraech\",\"name\":\"Einfach gut Vorbereitet! - Mit Marc B\u00f6hnke im Gespr\u00e4ch - Fitshop - Das Fitness Blog\",\"isPartOf\":{\"@id\":\"https:\\\/\\\/www.fitshop.de\\\/blog\\\/#website\"},\"primaryImageOfPage\":{\"@id\":\"https:\\\/\\\/www.fitshop.de\\\/blog\\\/2014\\\/07\\\/einfach-gut-vorbereitet-mit-marc-boehnke-im-gespraech#primaryimage\"},\"image\":{\"@id\":\"https:\\\/\\\/www.fitshop.de\\\/blog\\\/2014\\\/07\\\/einfach-gut-vorbereitet-mit-marc-boehnke-im-gespraech#primaryimage\"},\"thumbnailUrl\":\"https:\\\/\\\/www.fitshop.de\\\/blog\\\/wp-content\\\/uploads\\\/2014\\\/07\\\/Marc_B_Header.jpg\",\"datePublished\":\"2014-07-21T13:32:32+00:00\",\"dateModified\":\"2020-12-02T12:04:57+00:00\",\"description\":\"Einfach gut Vorbereitet! - Sport-Tiedje \u2705 Mit Marc B\u00f6hnke im Gespr\u00e4ch \u2705 Jetzt weiterlesen!\",\"breadcrumb\":{\"@id\":\"https:\\\/\\\/www.fitshop.de\\\/blog\\\/2014\\\/07\\\/einfach-gut-vorbereitet-mit-marc-boehnke-im-gespraech#breadcrumb\"},\"inLanguage\":\"de\",\"potentialAction\":[{\"@type\":\"ReadAction\",\"target\":[\"https:\\\/\\\/www.fitshop.de\\\/blog\\\/2014\\\/07\\\/einfach-gut-vorbereitet-mit-marc-boehnke-im-gespraech\"]}]},{\"@type\":\"ImageObject\",\"inLanguage\":\"de\",\"@id\":\"https:\\\/\\\/www.fitshop.de\\\/blog\\\/2014\\\/07\\\/einfach-gut-vorbereitet-mit-marc-boehnke-im-gespraech#primaryimage\",\"url\":\"https:\\\/\\\/www.fitshop.de\\\/blog\\\/wp-content\\\/uploads\\\/2014\\\/07\\\/Marc_B_Header.jpg\",\"contentUrl\":\"https:\\\/\\\/www.fitshop.de\\\/blog\\\/wp-content\\\/uploads\\\/2014\\\/07\\\/Marc_B_Header.jpg\",\"width\":300,\"height\":168,\"caption\":\"Der Kapit\u00e4n des ETSV Weiche Flensburg: Marc B\u00f6hnke\"},{\"@type\":\"BreadcrumbList\",\"@id\":\"https:\\\/\\\/www.fitshop.de\\\/blog\\\/2014\\\/07\\\/einfach-gut-vorbereitet-mit-marc-boehnke-im-gespraech#breadcrumb\",\"itemListElement\":[{\"@type\":\"ListItem\",\"position\":1,\"name\":\"Home\",\"item\":\"https:\\\/\\\/www.fitshop.de\\\/blog\"},{\"@type\":\"ListItem\",\"position\":2,\"name\":\"Einfach gut Vorbereitet! &#8211; Mit Marc B\u00f6hnke im Gespr\u00e4ch\"}]},{\"@type\":\"WebSite\",\"@id\":\"https:\\\/\\\/www.fitshop.de\\\/blog\\\/#website\",\"url\":\"https:\\\/\\\/www.fitshop.de\\\/blog\\\/\",\"name\":\"Fitshop - Das Fitness Blog\",\"description\":\"\",\"publisher\":{\"@id\":\"https:\\\/\\\/www.fitshop.de\\\/blog\\\/#organization\"},\"potentialAction\":[{\"@type\":\"SearchAction\",\"target\":{\"@type\":\"EntryPoint\",\"urlTemplate\":\"https:\\\/\\\/www.fitshop.de\\\/blog\\\/?s={search_term_string}\"},\"query-input\":{\"@type\":\"PropertyValueSpecification\",\"valueRequired\":true,\"valueName\":\"search_term_string\"}}],\"inLanguage\":\"de\"},{\"@type\":\"Organization\",\"@id\":\"https:\\\/\\\/www.fitshop.de\\\/blog\\\/#organization\",\"name\":\"Fitshop\",\"url\":\"https:\\\/\\\/www.fitshop.de\\\/blog\\\/\",\"logo\":{\"@type\":\"ImageObject\",\"inLanguage\":\"de\",\"@id\":\"https:\\\/\\\/www.fitshop.de\\\/blog\\\/#\\\/schema\\\/logo\\\/image\\\/\",\"url\":\"https:\\\/\\\/www.fitshop.de\\\/blog\\\/wp-content\\\/uploads\\\/2024\\\/05\\\/logo-fitshop-blog.png\",\"contentUrl\":\"https:\\\/\\\/www.fitshop.de\\\/blog\\\/wp-content\\\/uploads\\\/2024\\\/05\\\/logo-fitshop-blog.png\",\"width\":696,\"height\":696,\"caption\":\"Fitshop\"},\"image\":{\"@id\":\"https:\\\/\\\/www.fitshop.de\\\/blog\\\/#\\\/schema\\\/logo\\\/image\\\/\"}},{\"@type\":\"Person\",\"@id\":\"https:\\\/\\\/www.fitshop.de\\\/blog\\\/#\\\/schema\\\/person\\\/c4930aa2eadca379dc99dcb0ee0e091e\",\"name\":\"Sarah Strege\",\"image\":{\"@type\":\"ImageObject\",\"inLanguage\":\"de\",\"@id\":\"https:\\\/\\\/secure.gravatar.com\\\/avatar\\\/d91586c0cecb999aa18adb9c46fb8b9c4171e4b75a546d8c693db85e36e8ef8b?s=96&d=mm&r=g69ef204ec6c270583fb34296fe6b9409\",\"url\":\"https:\\\/\\\/secure.gravatar.com\\\/avatar\\\/d91586c0cecb999aa18adb9c46fb8b9c4171e4b75a546d8c693db85e36e8ef8b?s=96&d=mm&r=g\",\"contentUrl\":\"https:\\\/\\\/secure.gravatar.com\\\/avatar\\\/d91586c0cecb999aa18adb9c46fb8b9c4171e4b75a546d8c693db85e36e8ef8b?s=96&d=mm&r=g\",\"caption\":\"Sarah Strege\"},\"description\":\"Online-Redakteurin\",\"url\":\"https:\\\/\\\/www.fitshop.de\\\/blog\\\/author\\\/sst\"}]}<\/script>\n<!-- \/ Yoast SEO plugin. -->","yoast_head_json":{"title":"Einfach gut Vorbereitet! - Mit Marc B\u00f6hnke im Gespr\u00e4ch - Fitshop - Das Fitness Blog","description":"Einfach gut Vorbereitet! - Sport-Tiedje \u2705 Mit Marc B\u00f6hnke im Gespr\u00e4ch \u2705 Jetzt weiterlesen!","robots":{"index":"index","follow":"follow","max-snippet":"max-snippet:-1","max-image-preview":"max-image-preview:large","max-video-preview":"max-video-preview:-1"},"canonical":"https:\/\/www.fitshop.de\/blog\/2014\/07\/einfach-gut-vorbereitet-mit-marc-boehnke-im-gespraech","og_locale":"de_DE","og_type":"article","og_title":"Einfach gut Vorbereitet! - Mit Marc B\u00f6hnke im Gespr\u00e4ch - Fitshop - Das Fitness Blog","og_description":"Einfach gut Vorbereitet! - Sport-Tiedje \u2705 Mit Marc B\u00f6hnke im Gespr\u00e4ch \u2705 Jetzt weiterlesen!","og_url":"https:\/\/www.fitshop.de\/blog\/2014\/07\/einfach-gut-vorbereitet-mit-marc-boehnke-im-gespraech","og_site_name":"Fitshop - Das Fitness Blog","article_published_time":"2014-07-21T13:32:32+00:00","article_modified_time":"2020-12-02T12:04:57+00:00","og_image":[{"width":300,"height":168,"url":"https:\/\/www.fitshop.de\/blog\/wp-content\/uploads\/2014\/07\/Marc_B_Header.jpg","type":"image\/jpeg"}],"author":"Sarah Strege","twitter_card":"summary_large_image","twitter_misc":{"Verfasst von":"Sarah Strege","Gesch\u00e4tzte Lesezeit":"7\u00a0Minuten","Written by":"Sarah Strege"},"schema":{"@context":"https:\/\/schema.org","@graph":[{"@type":"Article","@id":"https:\/\/www.fitshop.de\/blog\/2014\/07\/einfach-gut-vorbereitet-mit-marc-boehnke-im-gespraech#article","isPartOf":{"@id":"https:\/\/www.fitshop.de\/blog\/2014\/07\/einfach-gut-vorbereitet-mit-marc-boehnke-im-gespraech"},"author":{"name":"Sarah Strege","@id":"https:\/\/www.fitshop.de\/blog\/#\/schema\/person\/c4930aa2eadca379dc99dcb0ee0e091e"},"headline":"Einfach gut Vorbereitet! &#8211; Mit Marc B\u00f6hnke im Gespr\u00e4ch","datePublished":"2014-07-21T13:32:32+00:00","dateModified":"2020-12-02T12:04:57+00:00","mainEntityOfPage":{"@id":"https:\/\/www.fitshop.de\/blog\/2014\/07\/einfach-gut-vorbereitet-mit-marc-boehnke-im-gespraech"},"wordCount":1398,"commentCount":0,"publisher":{"@id":"https:\/\/www.fitshop.de\/blog\/#organization"},"image":{"@id":"https:\/\/www.fitshop.de\/blog\/2014\/07\/einfach-gut-vorbereitet-mit-marc-boehnke-im-gespraech#primaryimage"},"thumbnailUrl":"https:\/\/www.fitshop.de\/blog\/wp-content\/uploads\/2014\/07\/Marc_B_Header.jpg","keywords":["Fussball","Marc B\u00f6hnke","Vorbereitung"],"articleSection":["Trainingsraum","Wir bei Fitshop"],"inLanguage":"de","potentialAction":[{"@type":"CommentAction","name":"Comment","target":["https:\/\/www.fitshop.de\/blog\/2014\/07\/einfach-gut-vorbereitet-mit-marc-boehnke-im-gespraech#respond"]}]},{"@type":"WebPage","@id":"https:\/\/www.fitshop.de\/blog\/2014\/07\/einfach-gut-vorbereitet-mit-marc-boehnke-im-gespraech","url":"https:\/\/www.fitshop.de\/blog\/2014\/07\/einfach-gut-vorbereitet-mit-marc-boehnke-im-gespraech","name":"Einfach gut Vorbereitet! - Mit Marc B\u00f6hnke im Gespr\u00e4ch - Fitshop - Das Fitness Blog","isPartOf":{"@id":"https:\/\/www.fitshop.de\/blog\/#website"},"primaryImageOfPage":{"@id":"https:\/\/www.fitshop.de\/blog\/2014\/07\/einfach-gut-vorbereitet-mit-marc-boehnke-im-gespraech#primaryimage"},"image":{"@id":"https:\/\/www.fitshop.de\/blog\/2014\/07\/einfach-gut-vorbereitet-mit-marc-boehnke-im-gespraech#primaryimage"},"thumbnailUrl":"https:\/\/www.fitshop.de\/blog\/wp-content\/uploads\/2014\/07\/Marc_B_Header.jpg","datePublished":"2014-07-21T13:32:32+00:00","dateModified":"2020-12-02T12:04:57+00:00","description":"Einfach gut Vorbereitet! - Sport-Tiedje \u2705 Mit Marc B\u00f6hnke im Gespr\u00e4ch \u2705 Jetzt weiterlesen!","breadcrumb":{"@id":"https:\/\/www.fitshop.de\/blog\/2014\/07\/einfach-gut-vorbereitet-mit-marc-boehnke-im-gespraech#breadcrumb"},"inLanguage":"de","potentialAction":[{"@type":"ReadAction","target":["https:\/\/www.fitshop.de\/blog\/2014\/07\/einfach-gut-vorbereitet-mit-marc-boehnke-im-gespraech"]}]},{"@type":"ImageObject","inLanguage":"de","@id":"https:\/\/www.fitshop.de\/blog\/2014\/07\/einfach-gut-vorbereitet-mit-marc-boehnke-im-gespraech#primaryimage","url":"https:\/\/www.fitshop.de\/blog\/wp-content\/uploads\/2014\/07\/Marc_B_Header.jpg","contentUrl":"https:\/\/www.fitshop.de\/blog\/wp-content\/uploads\/2014\/07\/Marc_B_Header.jpg","width":300,"height":168,"caption":"Der Kapit\u00e4n des ETSV Weiche Flensburg: Marc B\u00f6hnke"},{"@type":"BreadcrumbList","@id":"https:\/\/www.fitshop.de\/blog\/2014\/07\/einfach-gut-vorbereitet-mit-marc-boehnke-im-gespraech#breadcrumb","itemListElement":[{"@type":"ListItem","position":1,"name":"Home","item":"https:\/\/www.fitshop.de\/blog"},{"@type":"ListItem","position":2,"name":"Einfach gut Vorbereitet! &#8211; Mit Marc B\u00f6hnke im Gespr\u00e4ch"}]},{"@type":"WebSite","@id":"https:\/\/www.fitshop.de\/blog\/#website","url":"https:\/\/www.fitshop.de\/blog\/","name":"Fitshop - Das Fitness Blog","description":"","publisher":{"@id":"https:\/\/www.fitshop.de\/blog\/#organization"},"potentialAction":[{"@type":"SearchAction","target":{"@type":"EntryPoint","urlTemplate":"https:\/\/www.fitshop.de\/blog\/?s={search_term_string}"},"query-input":{"@type":"PropertyValueSpecification","valueRequired":true,"valueName":"search_term_string"}}],"inLanguage":"de"},{"@type":"Organization","@id":"https:\/\/www.fitshop.de\/blog\/#organization","name":"Fitshop","url":"https:\/\/www.fitshop.de\/blog\/","logo":{"@type":"ImageObject","inLanguage":"de","@id":"https:\/\/www.fitshop.de\/blog\/#\/schema\/logo\/image\/","url":"https:\/\/www.fitshop.de\/blog\/wp-content\/uploads\/2024\/05\/logo-fitshop-blog.png","contentUrl":"https:\/\/www.fitshop.de\/blog\/wp-content\/uploads\/2024\/05\/logo-fitshop-blog.png","width":696,"height":696,"caption":"Fitshop"},"image":{"@id":"https:\/\/www.fitshop.de\/blog\/#\/schema\/logo\/image\/"}},{"@type":"Person","@id":"https:\/\/www.fitshop.de\/blog\/#\/schema\/person\/c4930aa2eadca379dc99dcb0ee0e091e","name":"Sarah Strege","image":{"@type":"ImageObject","inLanguage":"de","@id":"https:\/\/secure.gravatar.com\/avatar\/d91586c0cecb999aa18adb9c46fb8b9c4171e4b75a546d8c693db85e36e8ef8b?s=96&d=mm&r=g69ef204ec6c270583fb34296fe6b9409","url":"https:\/\/secure.gravatar.com\/avatar\/d91586c0cecb999aa18adb9c46fb8b9c4171e4b75a546d8c693db85e36e8ef8b?s=96&d=mm&r=g","contentUrl":"https:\/\/secure.gravatar.com\/avatar\/d91586c0cecb999aa18adb9c46fb8b9c4171e4b75a546d8c693db85e36e8ef8b?s=96&d=mm&r=g","caption":"Sarah Strege"},"description":"Online-Redakteurin","url":"https:\/\/www.fitshop.de\/blog\/author\/sst"}]}},"_links":{"self":[{"href":"https:\/\/www.fitshop.de\/blog\/wp-json\/wp\/v2\/posts\/1670","targetHints":{"allow":["GET"]}}],"collection":[{"href":"https:\/\/www.fitshop.de\/blog\/wp-json\/wp\/v2\/posts"}],"about":[{"href":"https:\/\/www.fitshop.de\/blog\/wp-json\/wp\/v2\/types\/post"}],"author":[{"embeddable":true,"href":"https:\/\/www.fitshop.de\/blog\/wp-json\/wp\/v2\/users\/6"}],"replies":[{"embeddable":true,"href":"https:\/\/www.fitshop.de\/blog\/wp-json\/wp\/v2\/comments?post=1670"}],"version-history":[{"count":10,"href":"https:\/\/www.fitshop.de\/blog\/wp-json\/wp\/v2\/posts\/1670\/revisions"}],"predecessor-version":[{"id":16211,"href":"https:\/\/www.fitshop.de\/blog\/wp-json\/wp\/v2\/posts\/1670\/revisions\/16211"}],"wp:featuredmedia":[{"embeddable":true,"href":"https:\/\/www.fitshop.de\/blog\/wp-json\/wp\/v2\/media\/1674"}],"wp:attachment":[{"href":"https:\/\/www.fitshop.de\/blog\/wp-json\/wp\/v2\/media?parent=1670"}],"wp:term":[{"taxonomy":"category","embeddable":true,"href":"https:\/\/www.fitshop.de\/blog\/wp-json\/wp\/v2\/categories?post=1670"},{"taxonomy":"post_tag","embeddable":true,"href":"https:\/\/www.fitshop.de\/blog\/wp-json\/wp\/v2\/tags?post=1670"},{"taxonomy":"author","embeddable":true,"href":"https:\/\/www.fitshop.de\/blog\/wp-json\/wp\/v2\/coauthors?post=1670"}],"curies":[{"name":"wp","href":"https:\/\/api.w.org\/{rel}","templated":true}]}}