{"id":1599,"date":"2014-09-12T08:01:57","date_gmt":"2014-09-12T06:01:57","guid":{"rendered":"http:\/\/www.sport-tiedje.de\/blog\/?p=1599"},"modified":"2020-12-02T12:27:07","modified_gmt":"2020-12-02T11:27:07","slug":"1-006-leute-wurden-befragt-nennen-sie-fahrraeder-die-ihrer-ansicht-nach-trendy-sind","status":"publish","type":"post","link":"https:\/\/www.fitshop.de\/blog\/2014\/09\/1-006-leute-wurden-befragt-nennen-sie-fahrraeder-die-ihrer-ansicht-nach-trendy-sind","title":{"rendered":"1.006 Leute wurden befragt: Nennen Sie Fahrr\u00e4der, die Ihrer Ansicht nach trendy sind&#8230;"},"content":{"rendered":"<p>In einer aktuellen Marktforschungsstudie des Institutes Research Now wurden die Deutschen zum &#8222;Fahrradfahren in Deutschland 2014&#8220; befragt. Die wesentlichen Erkenntnisse dieser Studie und zwei weiteren m\u00f6chte ich Euch in diesem Artikel kurz vorstellen.<br \/>\n<!--more--><br \/>\nWie im Titel bereits angeteasert haben 1.006 Menschen an der Befragung zur ihrer Einstellung und Nutzung von Fahrr\u00e4dern teilgenommen. Auf die Frage &#8222;Auch bei den Fahrr\u00e4dern gibt es immer wieder neue Trends. Welche Fahrr\u00e4der sind Ihrer Ansicht nach trendy und welche nicht?&#8220; war sich die Mehrheit einig, dass E-Bikes derzeit absolut im Trend liegen. In der aktuellen Studie sind 31% der Befragten dieser Meinung, w\u00e4hrend es 2013 noch 28% und 2011 nur 23% waren.<\/p>\n<div id=\"attachment_1601\" style=\"width: 853px\" class=\"wp-caption alignright\"><a href=\"https:\/\/www.fitshop.de\/blog\/wp-content\/uploads\/2014\/07\/Unbenannt.png\" rel=\"lightbox[1599]\" data-wpel-link=\"internal\"><img loading=\"lazy\" decoding=\"async\" aria-describedby=\"caption-attachment-1601\" class=\"size-full wp-image-1601\" src=\"https:\/\/www.fitshop.de\/blog\/wp-content\/uploads\/2014\/07\/Unbenannt.png\" alt=\"Quelle: Studien der Rose Versand GmbH \u201eFahrradfahren in Deutschland 2011\u201c, September 2011, n=991; \u201eFahrradfahren in Deutschland 2013\u201c, April 2013, n=978; \u201eFahrradfahren in Deutschland 2014\u201c, M\u00e4rz 2014, n=843, Institut: Research Now\" width=\"843\" height=\"572\" srcset=\"https:\/\/www.fitshop.de\/blog\/wp-content\/uploads\/2014\/07\/Unbenannt.png 843w, https:\/\/www.fitshop.de\/blog\/wp-content\/uploads\/2014\/07\/Unbenannt-300x203.png 300w, https:\/\/www.fitshop.de\/blog\/wp-content\/uploads\/2014\/07\/Unbenannt-624x423.png 624w\" sizes=\"auto, (max-width: 843px) 100vw, 843px\" \/><\/a><p id=\"caption-attachment-1601\" class=\"wp-caption-text\">Quelle: Studien der Rose Versand GmbH \u201eFahrradfahren in Deutschland 2011\u201c, September 2011, n=991; \u201eFahrradfahren in Deutschland 2013\u201c, April 2013, n=978; \u201eFahrradfahren in Deutschland 2014\u201c, M\u00e4rz 2014, n=843, Institut: Research Now<\/p><\/div>\n<p>Die Hauptgr\u00fcnde, warum die Deutschen E-Bike fahren (w\u00fcrden), sind, dass die Befragten das E-Bike im Alter nutzen w\u00fcrden (42%), f\u00fcr l\u00e4ngere Strecken (38%) und als Ersatz f\u00fcr das Auto (18%). All diese Antworten machen besonders vor dem Hintergrund Sinn, dass die Haltung und Kosten eines E-Bikes deutlich g\u00fcnstiger als die eines Autos sind und die E-Bikes der neuen Generation vor allem mit kurzen Ladezyklen und hoher Akkukapazit\u00e4t, sprich, hoher Reichweite der Akkus, punkten. Wenn mit zunehmendem Alter die Mobilit\u00e4t ein wenig nachl\u00e4sst, macht die Anschaffung eines E-Bikes besonders Sinn, um mit wenig Anstrengung dennoch mobil zu bleiben.<\/p>\n<p>Ebenfalls interessant zu wissen ist, dass 22% der Deutschen finden, dass Fahrradfahren attraktiv macht. Witzigerweise sind es dabei insgesamt die M\u00e4nner (25%), die Frauen auf den Zweir\u00e4dern attraktiv finden.<\/p>\n<hr>\n<p><strong>Untersuchungsdesign:<\/strong><br \/>\nBefragungsform: Online-Fragebogen<br \/>\nBefragungszeitraum: M\u00e4rz 2014<br \/>\nStichprobe: 1006 Befragte im Alter von 16 bis 65 Jahren, (49 Prozent M\u00e4nner und 51 Prozent Frauen)<\/p>\n<hr>\n<p>Eine weitere Studie des Marktforschungsinstitutes &#8222;market&#8220; (Auftraggeber war der Verkehrsclub \u00d6sterreich) zeigt das enorme Wachstum der E-Bikes in \u00d6sterreich: Jeder elfte Radfahrer \u00fcber 65 Jahre besitzt bereits ein E-Bike und jeder dritte Radfahrer zwischen 25 und 34 Jahre ist schon mit einem E-Bike gefahren (3% der Personen in dieser Altersspanne besitzen bereits ein E-Bike; in der Altersgruppe 55-64 sind es 7% und ab 65 Jahre ist der Anteil schon 9%). Insgesamt finden sich auf \u00d6sterreichs Stra\u00dfen schon 170.000 E-Bikes. Tendenz: Steigend! Jeder vierte Radfahrer kann sich den Kauf eines E-Bikes vorstellen, noch mehr m\u00f6chten die E-Bikes gerne einmal testen (Tipp: Kommt mal in unsere Wiener Filiale ;)).<\/p>\n<hr>\n<p><strong>Untersuchungsdesign:<\/strong><br \/>\nBefragungsform: Befragung<br \/>\nStichprobe: 8000 Radfahrer und Radfahrerinnen<\/p>\n<hr>\n<p>Der deutsche Zweirad-Industrie-Verband e.V. (ZIV) erwartet weiterhin steigendes Interesse an E-Bikes. Er geht davon aus, dass in diesem Jahr 450.000 verkauft werden k\u00f6nnen. Der Verband geht weiterhin davon aus, dass der j\u00e4hrliche Anteil am Gesamtmarkt rund 15% erreichen kann, was einer St\u00fcckzahl von 600.000 entsprechen w\u00fcrde. Momentan sind bereits 1,8 Millionen E-Bikes auf deutschen Stra\u00dfen unterwegs.<\/p>\n","protected":false},"excerpt":{"rendered":"<p>In einer aktuellen Marktforschungsstudie des Institutes Research Now wurden die Deutschen zum &#8222;Fahrradfahren in Deutschland 2014&#8220; befragt. Die wesentlichen Erkenntnisse dieser Studie und zwei weiteren m\u00f6chte ich Euch in diesem Artikel kurz vorstellen.<\/p>\n","protected":false},"author":4,"featured_media":1608,"comment_status":"open","ping_status":"open","sticky":false,"template":"","format":"standard","meta":{"footnotes":""},"categories":[2],"tags":[73,109,75,74],"coauthors":[115],"class_list":["post-1599","post","type-post","status-publish","format-standard","has-post-thumbnail","hentry","category-trainingsraum","tag-e-bike","tag-ebike","tag-elektrofahrrad","tag-pedelec"],"yoast_head":"<!-- This site is optimized with the Yoast SEO plugin v27.4 - https:\/\/yoast.com\/product\/yoast-seo-wordpress\/ -->\n<title>1.006 Leute wurden befragt: Nennen Sie Fahrr\u00e4der, die Ihrer Ansicht nach trendy sind... - Fitshop - Das Fitness Blog<\/title>\n<meta name=\"description\" content=\"1.006 Leute wurden befragt - Sport Tiedje \u2705 Nennen Sie Fahrr\u00e4der, die Ihrer Ansicht nach trendy sind \u2705 Jetzt mehr erfahren!\" \/>\n<meta name=\"robots\" content=\"index, follow, max-snippet:-1, max-image-preview:large, max-video-preview:-1\" \/>\n<link rel=\"canonical\" href=\"https:\/\/www.fitshop.de\/blog\/2014\/09\/1-006-leute-wurden-befragt-nennen-sie-fahrraeder-die-ihrer-ansicht-nach-trendy-sind\" \/>\n<meta property=\"og:locale\" content=\"de_DE\" \/>\n<meta property=\"og:type\" content=\"article\" \/>\n<meta property=\"og:title\" content=\"1.006 Leute wurden befragt: Nennen Sie Fahrr\u00e4der, die Ihrer Ansicht nach trendy sind... - Fitshop - Das Fitness Blog\" \/>\n<meta property=\"og:description\" content=\"1.006 Leute wurden befragt - Sport Tiedje \u2705 Nennen Sie Fahrr\u00e4der, die Ihrer Ansicht nach trendy sind \u2705 Jetzt mehr erfahren!\" \/>\n<meta property=\"og:url\" content=\"https:\/\/www.fitshop.de\/blog\/2014\/09\/1-006-leute-wurden-befragt-nennen-sie-fahrraeder-die-ihrer-ansicht-nach-trendy-sind\" \/>\n<meta property=\"og:site_name\" content=\"Fitshop - Das Fitness Blog\" \/>\n<meta property=\"article:published_time\" content=\"2014-09-12T06:01:57+00:00\" \/>\n<meta property=\"article:modified_time\" content=\"2020-12-02T11:27:07+00:00\" \/>\n<meta property=\"og:image\" content=\"https:\/\/www.fitshop.de\/blog\/wp-content\/uploads\/2014\/07\/E-Bikes1.jpg\" \/>\n\t<meta property=\"og:image:width\" content=\"200\" \/>\n\t<meta property=\"og:image:height\" content=\"182\" \/>\n\t<meta property=\"og:image:type\" content=\"image\/jpeg\" \/>\n<meta name=\"author\" content=\"Thore Ro\u00dfbach\" \/>\n<meta name=\"twitter:card\" content=\"summary_large_image\" \/>\n<meta name=\"twitter:label1\" content=\"Verfasst von\" \/>\n\t<meta name=\"twitter:data1\" content=\"Thore Ro\u00dfbach\" \/>\n\t<meta name=\"twitter:label2\" content=\"Gesch\u00e4tzte Lesezeit\" \/>\n\t<meta name=\"twitter:data2\" content=\"2\u00a0Minuten\" \/>\n\t<meta name=\"twitter:label3\" content=\"Written by\" \/>\n\t<meta name=\"twitter:data3\" content=\"Thore Ro\u00dfbach\" \/>\n<script type=\"application\/ld+json\" class=\"yoast-schema-graph\">{\"@context\":\"https:\\\/\\\/schema.org\",\"@graph\":[{\"@type\":\"Article\",\"@id\":\"https:\\\/\\\/www.fitshop.de\\\/blog\\\/2014\\\/09\\\/1-006-leute-wurden-befragt-nennen-sie-fahrraeder-die-ihrer-ansicht-nach-trendy-sind#article\",\"isPartOf\":{\"@id\":\"https:\\\/\\\/www.fitshop.de\\\/blog\\\/2014\\\/09\\\/1-006-leute-wurden-befragt-nennen-sie-fahrraeder-die-ihrer-ansicht-nach-trendy-sind\"},\"author\":{\"name\":\"Thore Ro\u00dfbach\",\"@id\":\"https:\\\/\\\/www.fitshop.de\\\/blog\\\/#\\\/schema\\\/person\\\/b89372ae593e0fde510d3d23c818434f\"},\"headline\":\"1.006 Leute wurden befragt: Nennen Sie Fahrr\u00e4der, die Ihrer Ansicht nach trendy sind&#8230;\",\"datePublished\":\"2014-09-12T06:01:57+00:00\",\"dateModified\":\"2020-12-02T11:27:07+00:00\",\"mainEntityOfPage\":{\"@id\":\"https:\\\/\\\/www.fitshop.de\\\/blog\\\/2014\\\/09\\\/1-006-leute-wurden-befragt-nennen-sie-fahrraeder-die-ihrer-ansicht-nach-trendy-sind\"},\"wordCount\":467,\"commentCount\":0,\"publisher\":{\"@id\":\"https:\\\/\\\/www.fitshop.de\\\/blog\\\/#organization\"},\"image\":{\"@id\":\"https:\\\/\\\/www.fitshop.de\\\/blog\\\/2014\\\/09\\\/1-006-leute-wurden-befragt-nennen-sie-fahrraeder-die-ihrer-ansicht-nach-trendy-sind#primaryimage\"},\"thumbnailUrl\":\"https:\\\/\\\/www.fitshop.de\\\/blog\\\/wp-content\\\/uploads\\\/2014\\\/07\\\/E-Bikes1.jpg\",\"keywords\":[\"E-Bike\",\"ebike\",\"Elektrofahrrad\",\"Pedelec\"],\"articleSection\":[\"Trainingsraum\"],\"inLanguage\":\"de\",\"potentialAction\":[{\"@type\":\"CommentAction\",\"name\":\"Comment\",\"target\":[\"https:\\\/\\\/www.fitshop.de\\\/blog\\\/2014\\\/09\\\/1-006-leute-wurden-befragt-nennen-sie-fahrraeder-die-ihrer-ansicht-nach-trendy-sind#respond\"]}]},{\"@type\":\"WebPage\",\"@id\":\"https:\\\/\\\/www.fitshop.de\\\/blog\\\/2014\\\/09\\\/1-006-leute-wurden-befragt-nennen-sie-fahrraeder-die-ihrer-ansicht-nach-trendy-sind\",\"url\":\"https:\\\/\\\/www.fitshop.de\\\/blog\\\/2014\\\/09\\\/1-006-leute-wurden-befragt-nennen-sie-fahrraeder-die-ihrer-ansicht-nach-trendy-sind\",\"name\":\"1.006 Leute wurden befragt: Nennen Sie Fahrr\u00e4der, die Ihrer Ansicht nach trendy sind... - Fitshop - Das Fitness Blog\",\"isPartOf\":{\"@id\":\"https:\\\/\\\/www.fitshop.de\\\/blog\\\/#website\"},\"primaryImageOfPage\":{\"@id\":\"https:\\\/\\\/www.fitshop.de\\\/blog\\\/2014\\\/09\\\/1-006-leute-wurden-befragt-nennen-sie-fahrraeder-die-ihrer-ansicht-nach-trendy-sind#primaryimage\"},\"image\":{\"@id\":\"https:\\\/\\\/www.fitshop.de\\\/blog\\\/2014\\\/09\\\/1-006-leute-wurden-befragt-nennen-sie-fahrraeder-die-ihrer-ansicht-nach-trendy-sind#primaryimage\"},\"thumbnailUrl\":\"https:\\\/\\\/www.fitshop.de\\\/blog\\\/wp-content\\\/uploads\\\/2014\\\/07\\\/E-Bikes1.jpg\",\"datePublished\":\"2014-09-12T06:01:57+00:00\",\"dateModified\":\"2020-12-02T11:27:07+00:00\",\"description\":\"1.006 Leute wurden befragt - Sport Tiedje \u2705 Nennen Sie Fahrr\u00e4der, die Ihrer Ansicht nach trendy sind \u2705 Jetzt mehr erfahren!\",\"breadcrumb\":{\"@id\":\"https:\\\/\\\/www.fitshop.de\\\/blog\\\/2014\\\/09\\\/1-006-leute-wurden-befragt-nennen-sie-fahrraeder-die-ihrer-ansicht-nach-trendy-sind#breadcrumb\"},\"inLanguage\":\"de\",\"potentialAction\":[{\"@type\":\"ReadAction\",\"target\":[\"https:\\\/\\\/www.fitshop.de\\\/blog\\\/2014\\\/09\\\/1-006-leute-wurden-befragt-nennen-sie-fahrraeder-die-ihrer-ansicht-nach-trendy-sind\"]}]},{\"@type\":\"ImageObject\",\"inLanguage\":\"de\",\"@id\":\"https:\\\/\\\/www.fitshop.de\\\/blog\\\/2014\\\/09\\\/1-006-leute-wurden-befragt-nennen-sie-fahrraeder-die-ihrer-ansicht-nach-trendy-sind#primaryimage\",\"url\":\"https:\\\/\\\/www.fitshop.de\\\/blog\\\/wp-content\\\/uploads\\\/2014\\\/07\\\/E-Bikes1.jpg\",\"contentUrl\":\"https:\\\/\\\/www.fitshop.de\\\/blog\\\/wp-content\\\/uploads\\\/2014\\\/07\\\/E-Bikes1.jpg\",\"width\":200,\"height\":182,\"caption\":\"Hei\u00df begehrt: Die E-Bikes!\"},{\"@type\":\"BreadcrumbList\",\"@id\":\"https:\\\/\\\/www.fitshop.de\\\/blog\\\/2014\\\/09\\\/1-006-leute-wurden-befragt-nennen-sie-fahrraeder-die-ihrer-ansicht-nach-trendy-sind#breadcrumb\",\"itemListElement\":[{\"@type\":\"ListItem\",\"position\":1,\"name\":\"Home\",\"item\":\"https:\\\/\\\/www.fitshop.de\\\/blog\"},{\"@type\":\"ListItem\",\"position\":2,\"name\":\"1.006 Leute wurden befragt: Nennen Sie Fahrr\u00e4der, die Ihrer Ansicht nach trendy sind&#8230;\"}]},{\"@type\":\"WebSite\",\"@id\":\"https:\\\/\\\/www.fitshop.de\\\/blog\\\/#website\",\"url\":\"https:\\\/\\\/www.fitshop.de\\\/blog\\\/\",\"name\":\"Fitshop - Das Fitness Blog\",\"description\":\"\",\"publisher\":{\"@id\":\"https:\\\/\\\/www.fitshop.de\\\/blog\\\/#organization\"},\"potentialAction\":[{\"@type\":\"SearchAction\",\"target\":{\"@type\":\"EntryPoint\",\"urlTemplate\":\"https:\\\/\\\/www.fitshop.de\\\/blog\\\/?s={search_term_string}\"},\"query-input\":{\"@type\":\"PropertyValueSpecification\",\"valueRequired\":true,\"valueName\":\"search_term_string\"}}],\"inLanguage\":\"de\"},{\"@type\":\"Organization\",\"@id\":\"https:\\\/\\\/www.fitshop.de\\\/blog\\\/#organization\",\"name\":\"Fitshop\",\"url\":\"https:\\\/\\\/www.fitshop.de\\\/blog\\\/\",\"logo\":{\"@type\":\"ImageObject\",\"inLanguage\":\"de\",\"@id\":\"https:\\\/\\\/www.fitshop.de\\\/blog\\\/#\\\/schema\\\/logo\\\/image\\\/\",\"url\":\"https:\\\/\\\/www.fitshop.de\\\/blog\\\/wp-content\\\/uploads\\\/2024\\\/05\\\/logo-fitshop-blog.png\",\"contentUrl\":\"https:\\\/\\\/www.fitshop.de\\\/blog\\\/wp-content\\\/uploads\\\/2024\\\/05\\\/logo-fitshop-blog.png\",\"width\":696,\"height\":696,\"caption\":\"Fitshop\"},\"image\":{\"@id\":\"https:\\\/\\\/www.fitshop.de\\\/blog\\\/#\\\/schema\\\/logo\\\/image\\\/\"}},{\"@type\":\"Person\",\"@id\":\"https:\\\/\\\/www.fitshop.de\\\/blog\\\/#\\\/schema\\\/person\\\/b89372ae593e0fde510d3d23c818434f\",\"name\":\"Thore Ro\u00dfbach\",\"image\":{\"@type\":\"ImageObject\",\"inLanguage\":\"de\",\"@id\":\"https:\\\/\\\/secure.gravatar.com\\\/avatar\\\/58135aa58ffa2f6057a4498331cfa59aa943388d75bad5150c6e6a7433baccec?s=96&d=mm&r=g681e8d4f6ef3a24597dbf7fbbb4822a4\",\"url\":\"https:\\\/\\\/secure.gravatar.com\\\/avatar\\\/58135aa58ffa2f6057a4498331cfa59aa943388d75bad5150c6e6a7433baccec?s=96&d=mm&r=g\",\"contentUrl\":\"https:\\\/\\\/secure.gravatar.com\\\/avatar\\\/58135aa58ffa2f6057a4498331cfa59aa943388d75bad5150c6e6a7433baccec?s=96&d=mm&r=g\",\"caption\":\"Thore Ro\u00dfbach\"},\"description\":\"Online-Redakteur\",\"url\":\"https:\\\/\\\/www.fitshop.de\\\/blog\\\/author\\\/tro\"}]}<\/script>\n<!-- \/ Yoast SEO plugin. -->","yoast_head_json":{"title":"1.006 Leute wurden befragt: Nennen Sie Fahrr\u00e4der, die Ihrer Ansicht nach trendy sind... - Fitshop - Das Fitness Blog","description":"1.006 Leute wurden befragt - Sport Tiedje \u2705 Nennen Sie Fahrr\u00e4der, die Ihrer Ansicht nach trendy sind \u2705 Jetzt mehr erfahren!","robots":{"index":"index","follow":"follow","max-snippet":"max-snippet:-1","max-image-preview":"max-image-preview:large","max-video-preview":"max-video-preview:-1"},"canonical":"https:\/\/www.fitshop.de\/blog\/2014\/09\/1-006-leute-wurden-befragt-nennen-sie-fahrraeder-die-ihrer-ansicht-nach-trendy-sind","og_locale":"de_DE","og_type":"article","og_title":"1.006 Leute wurden befragt: Nennen Sie Fahrr\u00e4der, die Ihrer Ansicht nach trendy sind... - Fitshop - Das Fitness Blog","og_description":"1.006 Leute wurden befragt - Sport Tiedje \u2705 Nennen Sie Fahrr\u00e4der, die Ihrer Ansicht nach trendy sind \u2705 Jetzt mehr erfahren!","og_url":"https:\/\/www.fitshop.de\/blog\/2014\/09\/1-006-leute-wurden-befragt-nennen-sie-fahrraeder-die-ihrer-ansicht-nach-trendy-sind","og_site_name":"Fitshop - Das Fitness Blog","article_published_time":"2014-09-12T06:01:57+00:00","article_modified_time":"2020-12-02T11:27:07+00:00","og_image":[{"width":200,"height":182,"url":"https:\/\/www.fitshop.de\/blog\/wp-content\/uploads\/2014\/07\/E-Bikes1.jpg","type":"image\/jpeg"}],"author":"Thore Ro\u00dfbach","twitter_card":"summary_large_image","twitter_misc":{"Verfasst von":"Thore Ro\u00dfbach","Gesch\u00e4tzte Lesezeit":"2\u00a0Minuten","Written by":"Thore Ro\u00dfbach"},"schema":{"@context":"https:\/\/schema.org","@graph":[{"@type":"Article","@id":"https:\/\/www.fitshop.de\/blog\/2014\/09\/1-006-leute-wurden-befragt-nennen-sie-fahrraeder-die-ihrer-ansicht-nach-trendy-sind#article","isPartOf":{"@id":"https:\/\/www.fitshop.de\/blog\/2014\/09\/1-006-leute-wurden-befragt-nennen-sie-fahrraeder-die-ihrer-ansicht-nach-trendy-sind"},"author":{"name":"Thore Ro\u00dfbach","@id":"https:\/\/www.fitshop.de\/blog\/#\/schema\/person\/b89372ae593e0fde510d3d23c818434f"},"headline":"1.006 Leute wurden befragt: Nennen Sie Fahrr\u00e4der, die Ihrer Ansicht nach trendy sind&#8230;","datePublished":"2014-09-12T06:01:57+00:00","dateModified":"2020-12-02T11:27:07+00:00","mainEntityOfPage":{"@id":"https:\/\/www.fitshop.de\/blog\/2014\/09\/1-006-leute-wurden-befragt-nennen-sie-fahrraeder-die-ihrer-ansicht-nach-trendy-sind"},"wordCount":467,"commentCount":0,"publisher":{"@id":"https:\/\/www.fitshop.de\/blog\/#organization"},"image":{"@id":"https:\/\/www.fitshop.de\/blog\/2014\/09\/1-006-leute-wurden-befragt-nennen-sie-fahrraeder-die-ihrer-ansicht-nach-trendy-sind#primaryimage"},"thumbnailUrl":"https:\/\/www.fitshop.de\/blog\/wp-content\/uploads\/2014\/07\/E-Bikes1.jpg","keywords":["E-Bike","ebike","Elektrofahrrad","Pedelec"],"articleSection":["Trainingsraum"],"inLanguage":"de","potentialAction":[{"@type":"CommentAction","name":"Comment","target":["https:\/\/www.fitshop.de\/blog\/2014\/09\/1-006-leute-wurden-befragt-nennen-sie-fahrraeder-die-ihrer-ansicht-nach-trendy-sind#respond"]}]},{"@type":"WebPage","@id":"https:\/\/www.fitshop.de\/blog\/2014\/09\/1-006-leute-wurden-befragt-nennen-sie-fahrraeder-die-ihrer-ansicht-nach-trendy-sind","url":"https:\/\/www.fitshop.de\/blog\/2014\/09\/1-006-leute-wurden-befragt-nennen-sie-fahrraeder-die-ihrer-ansicht-nach-trendy-sind","name":"1.006 Leute wurden befragt: Nennen Sie Fahrr\u00e4der, die Ihrer Ansicht nach trendy sind... - Fitshop - Das Fitness Blog","isPartOf":{"@id":"https:\/\/www.fitshop.de\/blog\/#website"},"primaryImageOfPage":{"@id":"https:\/\/www.fitshop.de\/blog\/2014\/09\/1-006-leute-wurden-befragt-nennen-sie-fahrraeder-die-ihrer-ansicht-nach-trendy-sind#primaryimage"},"image":{"@id":"https:\/\/www.fitshop.de\/blog\/2014\/09\/1-006-leute-wurden-befragt-nennen-sie-fahrraeder-die-ihrer-ansicht-nach-trendy-sind#primaryimage"},"thumbnailUrl":"https:\/\/www.fitshop.de\/blog\/wp-content\/uploads\/2014\/07\/E-Bikes1.jpg","datePublished":"2014-09-12T06:01:57+00:00","dateModified":"2020-12-02T11:27:07+00:00","description":"1.006 Leute wurden befragt - Sport Tiedje \u2705 Nennen Sie Fahrr\u00e4der, die Ihrer Ansicht nach trendy sind \u2705 Jetzt mehr erfahren!","breadcrumb":{"@id":"https:\/\/www.fitshop.de\/blog\/2014\/09\/1-006-leute-wurden-befragt-nennen-sie-fahrraeder-die-ihrer-ansicht-nach-trendy-sind#breadcrumb"},"inLanguage":"de","potentialAction":[{"@type":"ReadAction","target":["https:\/\/www.fitshop.de\/blog\/2014\/09\/1-006-leute-wurden-befragt-nennen-sie-fahrraeder-die-ihrer-ansicht-nach-trendy-sind"]}]},{"@type":"ImageObject","inLanguage":"de","@id":"https:\/\/www.fitshop.de\/blog\/2014\/09\/1-006-leute-wurden-befragt-nennen-sie-fahrraeder-die-ihrer-ansicht-nach-trendy-sind#primaryimage","url":"https:\/\/www.fitshop.de\/blog\/wp-content\/uploads\/2014\/07\/E-Bikes1.jpg","contentUrl":"https:\/\/www.fitshop.de\/blog\/wp-content\/uploads\/2014\/07\/E-Bikes1.jpg","width":200,"height":182,"caption":"Hei\u00df begehrt: Die E-Bikes!"},{"@type":"BreadcrumbList","@id":"https:\/\/www.fitshop.de\/blog\/2014\/09\/1-006-leute-wurden-befragt-nennen-sie-fahrraeder-die-ihrer-ansicht-nach-trendy-sind#breadcrumb","itemListElement":[{"@type":"ListItem","position":1,"name":"Home","item":"https:\/\/www.fitshop.de\/blog"},{"@type":"ListItem","position":2,"name":"1.006 Leute wurden befragt: Nennen Sie Fahrr\u00e4der, die Ihrer Ansicht nach trendy sind&#8230;"}]},{"@type":"WebSite","@id":"https:\/\/www.fitshop.de\/blog\/#website","url":"https:\/\/www.fitshop.de\/blog\/","name":"Fitshop - Das Fitness Blog","description":"","publisher":{"@id":"https:\/\/www.fitshop.de\/blog\/#organization"},"potentialAction":[{"@type":"SearchAction","target":{"@type":"EntryPoint","urlTemplate":"https:\/\/www.fitshop.de\/blog\/?s={search_term_string}"},"query-input":{"@type":"PropertyValueSpecification","valueRequired":true,"valueName":"search_term_string"}}],"inLanguage":"de"},{"@type":"Organization","@id":"https:\/\/www.fitshop.de\/blog\/#organization","name":"Fitshop","url":"https:\/\/www.fitshop.de\/blog\/","logo":{"@type":"ImageObject","inLanguage":"de","@id":"https:\/\/www.fitshop.de\/blog\/#\/schema\/logo\/image\/","url":"https:\/\/www.fitshop.de\/blog\/wp-content\/uploads\/2024\/05\/logo-fitshop-blog.png","contentUrl":"https:\/\/www.fitshop.de\/blog\/wp-content\/uploads\/2024\/05\/logo-fitshop-blog.png","width":696,"height":696,"caption":"Fitshop"},"image":{"@id":"https:\/\/www.fitshop.de\/blog\/#\/schema\/logo\/image\/"}},{"@type":"Person","@id":"https:\/\/www.fitshop.de\/blog\/#\/schema\/person\/b89372ae593e0fde510d3d23c818434f","name":"Thore Ro\u00dfbach","image":{"@type":"ImageObject","inLanguage":"de","@id":"https:\/\/secure.gravatar.com\/avatar\/58135aa58ffa2f6057a4498331cfa59aa943388d75bad5150c6e6a7433baccec?s=96&d=mm&r=g681e8d4f6ef3a24597dbf7fbbb4822a4","url":"https:\/\/secure.gravatar.com\/avatar\/58135aa58ffa2f6057a4498331cfa59aa943388d75bad5150c6e6a7433baccec?s=96&d=mm&r=g","contentUrl":"https:\/\/secure.gravatar.com\/avatar\/58135aa58ffa2f6057a4498331cfa59aa943388d75bad5150c6e6a7433baccec?s=96&d=mm&r=g","caption":"Thore Ro\u00dfbach"},"description":"Online-Redakteur","url":"https:\/\/www.fitshop.de\/blog\/author\/tro"}]}},"_links":{"self":[{"href":"https:\/\/www.fitshop.de\/blog\/wp-json\/wp\/v2\/posts\/1599","targetHints":{"allow":["GET"]}}],"collection":[{"href":"https:\/\/www.fitshop.de\/blog\/wp-json\/wp\/v2\/posts"}],"about":[{"href":"https:\/\/www.fitshop.de\/blog\/wp-json\/wp\/v2\/types\/post"}],"author":[{"embeddable":true,"href":"https:\/\/www.fitshop.de\/blog\/wp-json\/wp\/v2\/users\/4"}],"replies":[{"embeddable":true,"href":"https:\/\/www.fitshop.de\/blog\/wp-json\/wp\/v2\/comments?post=1599"}],"version-history":[{"count":10,"href":"https:\/\/www.fitshop.de\/blog\/wp-json\/wp\/v2\/posts\/1599\/revisions"}],"predecessor-version":[{"id":16176,"href":"https:\/\/www.fitshop.de\/blog\/wp-json\/wp\/v2\/posts\/1599\/revisions\/16176"}],"wp:featuredmedia":[{"embeddable":true,"href":"https:\/\/www.fitshop.de\/blog\/wp-json\/wp\/v2\/media\/1608"}],"wp:attachment":[{"href":"https:\/\/www.fitshop.de\/blog\/wp-json\/wp\/v2\/media?parent=1599"}],"wp:term":[{"taxonomy":"category","embeddable":true,"href":"https:\/\/www.fitshop.de\/blog\/wp-json\/wp\/v2\/categories?post=1599"},{"taxonomy":"post_tag","embeddable":true,"href":"https:\/\/www.fitshop.de\/blog\/wp-json\/wp\/v2\/tags?post=1599"},{"taxonomy":"author","embeddable":true,"href":"https:\/\/www.fitshop.de\/blog\/wp-json\/wp\/v2\/coauthors?post=1599"}],"curies":[{"name":"wp","href":"https:\/\/api.w.org\/{rel}","templated":true}]}}